{"id":928,"date":"2011-03-27T18:44:15","date_gmt":"2011-03-27T16:44:15","guid":{"rendered":"http:\/\/www.thelins.se\/lisa\/blog\/?p=928"},"modified":"2011-03-27T18:44:15","modified_gmt":"2011-03-27T16:44:15","slug":"italien-del-4-3","status":"publish","type":"post","link":"https:\/\/www.thelins.se\/lisa\/blog\/2011\/03\/italien-del-4-3\/","title":{"rendered":"Italien &#8211; del 4"},"content":{"rendered":"<p>Hej alla,<\/p>\n<p>En dag \u00e5kte vi till havet till Livorno. D\u00e4r \u00e5t vi p\u00e5 en restaurang som Simone k\u00e4nde till. De hade goda pommes frites d\u00e4r.<\/p>\n<p><a href=\"https:\/\/www.thelins.se\/lisa\/blog\/wp-content\/uploads\/2011\/03\/P1020852.jpg\"><img loading=\"lazy\" decoding=\"async\" class=\"size-medium wp-image-929 aligncenter\" title=\"P1020852\" src=\"https:\/\/www.thelins.se\/lisa\/blog\/wp-content\/uploads\/2011\/03\/P1020852-300x225.jpg\" alt=\"\" width=\"300\" height=\"225\" srcset=\"https:\/\/www.thelins.se\/lisa\/blog\/wp-content\/uploads\/2011\/03\/P1020852-300x225.jpg 300w, https:\/\/www.thelins.se\/lisa\/blog\/wp-content\/uploads\/2011\/03\/P1020852-1024x768.jpg 1024w, https:\/\/www.thelins.se\/lisa\/blog\/wp-content\/uploads\/2011\/03\/P1020852-150x112.jpg 150w\" sizes=\"auto, (max-width: 300px) 100vw, 300px\" \/><\/a><\/p>\n<p style=\"text-align: left;\">Man s\u00e5g hur l\u00e5ngt som helst \u00f6ver havet n\u00e4r man gick p\u00e5 strandpromenaden.\u00a0<\/p>\n<p><a href=\"https:\/\/www.thelins.se\/lisa\/blog\/wp-content\/uploads\/2011\/03\/P1020855.jpg\"><img loading=\"lazy\" decoding=\"async\" class=\"size-medium wp-image-930 aligncenter\" title=\"P1020855\" src=\"https:\/\/www.thelins.se\/lisa\/blog\/wp-content\/uploads\/2011\/03\/P1020855-300x225.jpg\" alt=\"\" width=\"300\" height=\"225\" srcset=\"https:\/\/www.thelins.se\/lisa\/blog\/wp-content\/uploads\/2011\/03\/P1020855-300x225.jpg 300w, https:\/\/www.thelins.se\/lisa\/blog\/wp-content\/uploads\/2011\/03\/P1020855-1024x768.jpg 1024w, https:\/\/www.thelins.se\/lisa\/blog\/wp-content\/uploads\/2011\/03\/P1020855-150x112.jpg 150w\" sizes=\"auto, (max-width: 300px) 100vw, 300px\" \/><\/a><\/p>\n<p>\u00a0Mamma och pappa k\u00f6pte en stor nyckelpiga till mig. Den var n\u00e4stan st\u00f6rre \u00e4n vad jag sj\u00e4lv \u00e4r.<\/p>\n<p><a href=\"https:\/\/www.thelins.se\/lisa\/blog\/wp-content\/uploads\/2011\/03\/P1020864.jpg\"><img loading=\"lazy\" decoding=\"async\" class=\"size-medium wp-image-931 aligncenter\" title=\"P1020864\" src=\"https:\/\/www.thelins.se\/lisa\/blog\/wp-content\/uploads\/2011\/03\/P1020864-300x225.jpg\" alt=\"\" width=\"300\" height=\"225\" srcset=\"https:\/\/www.thelins.se\/lisa\/blog\/wp-content\/uploads\/2011\/03\/P1020864-300x225.jpg 300w, https:\/\/www.thelins.se\/lisa\/blog\/wp-content\/uploads\/2011\/03\/P1020864-1024x768.jpg 1024w, https:\/\/www.thelins.se\/lisa\/blog\/wp-content\/uploads\/2011\/03\/P1020864-150x112.jpg 150w\" sizes=\"auto, (max-width: 300px) 100vw, 300px\" \/><\/a><\/p>\n<p>\u00a0H\u00e4r fick jag smaka p\u00e5 mjukglass f\u00f6r f\u00f6rsta g\u00e5ngen i mitt liv s\u00e5\u00a0 fr\u00e5n och med nu ska jag bara \u00e4ta det tror jag f\u00f6r det var v\u00e4ldigt gott.<\/p>\n<p><a href=\"https:\/\/www.thelins.se\/lisa\/blog\/wp-content\/uploads\/2011\/03\/P1020866.jpg\"><img loading=\"lazy\" decoding=\"async\" class=\"aligncenter size-medium wp-image-932\" title=\"P1020866\" src=\"https:\/\/www.thelins.se\/lisa\/blog\/wp-content\/uploads\/2011\/03\/P1020866-300x225.jpg\" alt=\"\" width=\"300\" height=\"225\" srcset=\"https:\/\/www.thelins.se\/lisa\/blog\/wp-content\/uploads\/2011\/03\/P1020866-300x225.jpg 300w, https:\/\/www.thelins.se\/lisa\/blog\/wp-content\/uploads\/2011\/03\/P1020866-1024x768.jpg 1024w, https:\/\/www.thelins.se\/lisa\/blog\/wp-content\/uploads\/2011\/03\/P1020866-150x112.jpg 150w\" sizes=\"auto, (max-width: 300px) 100vw, 300px\" \/><\/a><\/p>\n<p>\/L<\/p>\n","protected":false},"excerpt":{"rendered":"<p>Hej alla, En dag \u00e5kte vi till havet till Livorno. D\u00e4r \u00e5t vi p\u00e5 en restaurang som Simone k\u00e4nde till. De hade goda pommes frites d\u00e4r. Man s\u00e5g hur l\u00e5ngt som helst \u00f6ver havet n\u00e4r man gick p\u00e5 strandpromenaden.\u00a0 \u00a0Mamma och pappa k\u00f6pte en stor nyckelpiga till mig. Den var n\u00e4stan st\u00f6rre \u00e4n vad jag&hellip;<\/p>\n","protected":false},"author":2,"featured_media":0,"comment_status":"closed","ping_status":"closed","sticky":false,"template":"","format":"standard","meta":{"footnotes":""},"categories":[1],"tags":[],"class_list":["post-928","post","type-post","status-publish","format-standard","hentry","category-uncategorized"],"_links":{"self":[{"href":"https:\/\/www.thelins.se\/lisa\/blog\/wp-json\/wp\/v2\/posts\/928","targetHints":{"allow":["GET"]}}],"collection":[{"href":"https:\/\/www.thelins.se\/lisa\/blog\/wp-json\/wp\/v2\/posts"}],"about":[{"href":"https:\/\/www.thelins.se\/lisa\/blog\/wp-json\/wp\/v2\/types\/post"}],"author":[{"embeddable":true,"href":"https:\/\/www.thelins.se\/lisa\/blog\/wp-json\/wp\/v2\/users\/2"}],"replies":[{"embeddable":true,"href":"https:\/\/www.thelins.se\/lisa\/blog\/wp-json\/wp\/v2\/comments?post=928"}],"version-history":[{"count":2,"href":"https:\/\/www.thelins.se\/lisa\/blog\/wp-json\/wp\/v2\/posts\/928\/revisions"}],"predecessor-version":[{"id":935,"href":"https:\/\/www.thelins.se\/lisa\/blog\/wp-json\/wp\/v2\/posts\/928\/revisions\/935"}],"wp:attachment":[{"href":"https:\/\/www.thelins.se\/lisa\/blog\/wp-json\/wp\/v2\/media?parent=928"}],"wp:term":[{"taxonomy":"category","embeddable":true,"href":"https:\/\/www.thelins.se\/lisa\/blog\/wp-json\/wp\/v2\/categories?post=928"},{"taxonomy":"post_tag","embeddable":true,"href":"https:\/\/www.thelins.se\/lisa\/blog\/wp-json\/wp\/v2\/tags?post=928"}],"curies":[{"name":"wp","href":"https:\/\/api.w.org\/{rel}","templated":true}]}}