{"id":9,"date":"2008-08-16T09:33:00","date_gmt":"2008-08-16T07:33:00","guid":{"rendered":"http:\/\/www.thelins.se\/lisa\/blog\/2008\/08\/sensommar-ar-reatider\/"},"modified":"2008-08-16T09:33:00","modified_gmt":"2008-08-16T07:33:00","slug":"sensommar-ar-reatider","status":"publish","type":"post","link":"https:\/\/www.thelins.se\/lisa\/blog\/2008\/08\/sensommar-ar-reatider\/","title":{"rendered":">Sensommar \u00e4r reatider"},"content":{"rendered":"<p>>Hej alla,<\/p>\n<p>Mamma, pappa och jag var p\u00e5 rean ig\u00e5r. S\u00e5 kul, s\u00e5 kul! Pappa hittade en dr\u00e4kt med bilar p\u00e5 &#8211; se sj\u00e4lva hur fin den var.<\/p>\n<p><a href=\"https:\/\/www.thelins.se\/lisa\/blog\/uploaded_images\/DSC02553-782659.JPG\"><img decoding=\"async\" style=\"DISPLAY: block; MARGIN: 0px auto 10px; CURSOR: hand; TEXT-ALIGN: center\" alt=\"\" src=\"https:\/\/www.thelins.se\/lisa\/blog\/uploaded_images\/DSC02553-782304.JPG\" border=\"0\" \/><\/a> <br \/>Sedan k\u00f6pte vi en massa annat i roliga f\u00e4rger s\u00e5 jag ska nog hitta n\u00e5got kul att ha p\u00e5 mig idag. M\u00e5ste ju vara fin &#8211; pappas morfar firar ju 85.<\/p>\n<p>\/Lisa<\/p>\n","protected":false},"excerpt":{"rendered":"<p>>Hej alla, Mamma, pappa och jag var p\u00e5 rean ig\u00e5r. S\u00e5 kul, s\u00e5 kul! Pappa hittade en dr\u00e4kt med bilar p\u00e5 &#8211; se sj\u00e4lva hur fin den var. Sedan k\u00f6pte vi en massa annat i roliga f\u00e4rger s\u00e5 jag ska nog hitta n\u00e5got kul att ha p\u00e5 mig idag. M\u00e5ste ju vara fin &#8211; pappas&hellip;<\/p>\n","protected":false},"author":2,"featured_media":0,"comment_status":"closed","ping_status":"closed","sticky":false,"template":"","format":"standard","meta":{"footnotes":""},"categories":[1],"tags":[],"class_list":["post-9","post","type-post","status-publish","format-standard","hentry","category-uncategorized"],"_links":{"self":[{"href":"https:\/\/www.thelins.se\/lisa\/blog\/wp-json\/wp\/v2\/posts\/9","targetHints":{"allow":["GET"]}}],"collection":[{"href":"https:\/\/www.thelins.se\/lisa\/blog\/wp-json\/wp\/v2\/posts"}],"about":[{"href":"https:\/\/www.thelins.se\/lisa\/blog\/wp-json\/wp\/v2\/types\/post"}],"author":[{"embeddable":true,"href":"https:\/\/www.thelins.se\/lisa\/blog\/wp-json\/wp\/v2\/users\/2"}],"replies":[{"embeddable":true,"href":"https:\/\/www.thelins.se\/lisa\/blog\/wp-json\/wp\/v2\/comments?post=9"}],"version-history":[{"count":0,"href":"https:\/\/www.thelins.se\/lisa\/blog\/wp-json\/wp\/v2\/posts\/9\/revisions"}],"wp:attachment":[{"href":"https:\/\/www.thelins.se\/lisa\/blog\/wp-json\/wp\/v2\/media?parent=9"}],"wp:term":[{"taxonomy":"category","embeddable":true,"href":"https:\/\/www.thelins.se\/lisa\/blog\/wp-json\/wp\/v2\/categories?post=9"},{"taxonomy":"post_tag","embeddable":true,"href":"https:\/\/www.thelins.se\/lisa\/blog\/wp-json\/wp\/v2\/tags?post=9"}],"curies":[{"name":"wp","href":"https:\/\/api.w.org\/{rel}","templated":true}]}}