{"id":858,"date":"2011-02-24T07:05:53","date_gmt":"2011-02-24T06:05:53","guid":{"rendered":"http:\/\/www.thelins.se\/lisa\/blog\/?p=858"},"modified":"2011-02-24T07:05:53","modified_gmt":"2011-02-24T06:05:53","slug":"snohog","status":"publish","type":"post","link":"https:\/\/www.thelins.se\/lisa\/blog\/2011\/02\/snohog\/","title":{"rendered":"Sn\u00f6h\u00f6g"},"content":{"rendered":"<p>Hej alla,<\/p>\n<p>Jag \u00e4lskar att kl\u00e4ttra. P\u00e5 v\u00e4g hem fr\u00e5n mormor och morfar ig\u00e5r s\u00e5 besteg jag sn\u00f6h\u00f6garnas Mount Everest. Det var kul. Det var sv\u00e5rare att komma ner sen bara&#8230;<\/p>\n<p><a href=\"https:\/\/www.thelins.se\/lisa\/blog\/wp-content\/uploads\/2011\/02\/DSC04083.jpg\"><img loading=\"lazy\" decoding=\"async\" class=\"aligncenter size-medium wp-image-859\" title=\"DSC04083\" src=\"https:\/\/www.thelins.se\/lisa\/blog\/wp-content\/uploads\/2011\/02\/DSC04083-300x225.jpg\" alt=\"\" width=\"300\" height=\"225\" srcset=\"https:\/\/www.thelins.se\/lisa\/blog\/wp-content\/uploads\/2011\/02\/DSC04083-300x225.jpg 300w, https:\/\/www.thelins.se\/lisa\/blog\/wp-content\/uploads\/2011\/02\/DSC04083-1024x768.jpg 1024w, https:\/\/www.thelins.se\/lisa\/blog\/wp-content\/uploads\/2011\/02\/DSC04083-150x112.jpg 150w, https:\/\/www.thelins.se\/lisa\/blog\/wp-content\/uploads\/2011\/02\/DSC04083.jpg 2048w\" sizes=\"auto, (max-width: 300px) 100vw, 300px\" \/><\/a><\/p>\n<p>\/L<\/p>\n","protected":false},"excerpt":{"rendered":"<p>Hej alla, Jag \u00e4lskar att kl\u00e4ttra. P\u00e5 v\u00e4g hem fr\u00e5n mormor och morfar ig\u00e5r s\u00e5 besteg jag sn\u00f6h\u00f6garnas Mount Everest. Det var kul. Det var sv\u00e5rare att komma ner sen bara&#8230; \/L<\/p>\n","protected":false},"author":2,"featured_media":0,"comment_status":"closed","ping_status":"closed","sticky":false,"template":"","format":"standard","meta":{"footnotes":""},"categories":[1],"tags":[],"class_list":["post-858","post","type-post","status-publish","format-standard","hentry","category-uncategorized"],"_links":{"self":[{"href":"https:\/\/www.thelins.se\/lisa\/blog\/wp-json\/wp\/v2\/posts\/858","targetHints":{"allow":["GET"]}}],"collection":[{"href":"https:\/\/www.thelins.se\/lisa\/blog\/wp-json\/wp\/v2\/posts"}],"about":[{"href":"https:\/\/www.thelins.se\/lisa\/blog\/wp-json\/wp\/v2\/types\/post"}],"author":[{"embeddable":true,"href":"https:\/\/www.thelins.se\/lisa\/blog\/wp-json\/wp\/v2\/users\/2"}],"replies":[{"embeddable":true,"href":"https:\/\/www.thelins.se\/lisa\/blog\/wp-json\/wp\/v2\/comments?post=858"}],"version-history":[{"count":2,"href":"https:\/\/www.thelins.se\/lisa\/blog\/wp-json\/wp\/v2\/posts\/858\/revisions"}],"predecessor-version":[{"id":861,"href":"https:\/\/www.thelins.se\/lisa\/blog\/wp-json\/wp\/v2\/posts\/858\/revisions\/861"}],"wp:attachment":[{"href":"https:\/\/www.thelins.se\/lisa\/blog\/wp-json\/wp\/v2\/media?parent=858"}],"wp:term":[{"taxonomy":"category","embeddable":true,"href":"https:\/\/www.thelins.se\/lisa\/blog\/wp-json\/wp\/v2\/categories?post=858"},{"taxonomy":"post_tag","embeddable":true,"href":"https:\/\/www.thelins.se\/lisa\/blog\/wp-json\/wp\/v2\/tags?post=858"}],"curies":[{"name":"wp","href":"https:\/\/api.w.org\/{rel}","templated":true}]}}