{"id":853,"date":"2011-02-20T20:21:01","date_gmt":"2011-02-20T19:21:01","guid":{"rendered":"http:\/\/www.thelins.se\/lisa\/blog\/?p=853"},"modified":"2011-02-20T20:21:01","modified_gmt":"2011-02-20T19:21:01","slug":"bad","status":"publish","type":"post","link":"https:\/\/www.thelins.se\/lisa\/blog\/2011\/02\/bad\/","title":{"rendered":"Bad"},"content":{"rendered":"<p>Hej alla,<\/p>\n<p>Varje g\u00e5ng jag ska bada tar jag i n\u00e5gra nya leksaker i badkaret. Mamma och pappa s\u00e4ger att jag snart inte f\u00e5r plats sj\u00e4lv, men jag tror att det g\u00e5r i lite fler leksaker innan det \u00e4r fullt.<\/p>\n<p><a href=\"https:\/\/www.thelins.se\/lisa\/blog\/wp-content\/uploads\/2011\/02\/DSC04071.jpg\"><img loading=\"lazy\" decoding=\"async\" class=\"aligncenter size-medium wp-image-854\" title=\"DSC04071\" src=\"https:\/\/www.thelins.se\/lisa\/blog\/wp-content\/uploads\/2011\/02\/DSC04071-300x225.jpg\" alt=\"\" width=\"300\" height=\"225\" srcset=\"https:\/\/www.thelins.se\/lisa\/blog\/wp-content\/uploads\/2011\/02\/DSC04071-300x225.jpg 300w, https:\/\/www.thelins.se\/lisa\/blog\/wp-content\/uploads\/2011\/02\/DSC04071-1024x768.jpg 1024w, https:\/\/www.thelins.se\/lisa\/blog\/wp-content\/uploads\/2011\/02\/DSC04071-150x112.jpg 150w, https:\/\/www.thelins.se\/lisa\/blog\/wp-content\/uploads\/2011\/02\/DSC04071.jpg 2048w\" sizes=\"auto, (max-width: 300px) 100vw, 300px\" \/><\/a><\/p>\n<p>\/L<\/p>\n","protected":false},"excerpt":{"rendered":"<p>Hej alla, Varje g\u00e5ng jag ska bada tar jag i n\u00e5gra nya leksaker i badkaret. Mamma och pappa s\u00e4ger att jag snart inte f\u00e5r plats sj\u00e4lv, men jag tror att det g\u00e5r i lite fler leksaker innan det \u00e4r fullt. \/L<\/p>\n","protected":false},"author":2,"featured_media":0,"comment_status":"closed","ping_status":"closed","sticky":false,"template":"","format":"standard","meta":{"footnotes":""},"categories":[1],"tags":[],"class_list":["post-853","post","type-post","status-publish","format-standard","hentry","category-uncategorized"],"_links":{"self":[{"href":"https:\/\/www.thelins.se\/lisa\/blog\/wp-json\/wp\/v2\/posts\/853","targetHints":{"allow":["GET"]}}],"collection":[{"href":"https:\/\/www.thelins.se\/lisa\/blog\/wp-json\/wp\/v2\/posts"}],"about":[{"href":"https:\/\/www.thelins.se\/lisa\/blog\/wp-json\/wp\/v2\/types\/post"}],"author":[{"embeddable":true,"href":"https:\/\/www.thelins.se\/lisa\/blog\/wp-json\/wp\/v2\/users\/2"}],"replies":[{"embeddable":true,"href":"https:\/\/www.thelins.se\/lisa\/blog\/wp-json\/wp\/v2\/comments?post=853"}],"version-history":[{"count":2,"href":"https:\/\/www.thelins.se\/lisa\/blog\/wp-json\/wp\/v2\/posts\/853\/revisions"}],"predecessor-version":[{"id":856,"href":"https:\/\/www.thelins.se\/lisa\/blog\/wp-json\/wp\/v2\/posts\/853\/revisions\/856"}],"wp:attachment":[{"href":"https:\/\/www.thelins.se\/lisa\/blog\/wp-json\/wp\/v2\/media?parent=853"}],"wp:term":[{"taxonomy":"category","embeddable":true,"href":"https:\/\/www.thelins.se\/lisa\/blog\/wp-json\/wp\/v2\/categories?post=853"},{"taxonomy":"post_tag","embeddable":true,"href":"https:\/\/www.thelins.se\/lisa\/blog\/wp-json\/wp\/v2\/tags?post=853"}],"curies":[{"name":"wp","href":"https:\/\/api.w.org\/{rel}","templated":true}]}}