{"id":839,"date":"2011-02-08T15:37:43","date_gmt":"2011-02-08T14:37:43","guid":{"rendered":"http:\/\/www.thelins.se\/lisa\/blog\/?p=839"},"modified":"2011-01-31T15:39:43","modified_gmt":"2011-01-31T14:39:43","slug":"mask","status":"publish","type":"post","link":"https:\/\/www.thelins.se\/lisa\/blog\/2011\/02\/mask\/","title":{"rendered":"Mask"},"content":{"rendered":"<p>Hej alla,<\/p>\n<p>Mamma har k\u00f6pt en mask till mig som jag brukar ha p\u00e5 mig. Jag tycker att det \u00e4r lite l\u00e4skigt att ha den \u00f6ver \u00f6gonen s\u00e5 jag har den i pannan ist\u00e4llet.<\/p>\n<p><a href=\"https:\/\/www.thelins.se\/lisa\/blog\/wp-content\/uploads\/2011\/01\/20110130_001.jpg\"><img loading=\"lazy\" decoding=\"async\" class=\"aligncenter size-medium wp-image-840\" title=\"20110130_001\" src=\"https:\/\/www.thelins.se\/lisa\/blog\/wp-content\/uploads\/2011\/01\/20110130_001-168x300.jpg\" alt=\"\" width=\"168\" height=\"300\" srcset=\"https:\/\/www.thelins.se\/lisa\/blog\/wp-content\/uploads\/2011\/01\/20110130_001-168x300.jpg 168w, https:\/\/www.thelins.se\/lisa\/blog\/wp-content\/uploads\/2011\/01\/20110130_001-576x1024.jpg 576w, https:\/\/www.thelins.se\/lisa\/blog\/wp-content\/uploads\/2011\/01\/20110130_001-84x150.jpg 84w, https:\/\/www.thelins.se\/lisa\/blog\/wp-content\/uploads\/2011\/01\/20110130_001.jpg 1440w\" sizes=\"auto, (max-width: 168px) 100vw, 168px\" \/><\/a><\/p>\n<p>\/L<\/p>\n","protected":false},"excerpt":{"rendered":"<p>Hej alla, Mamma har k\u00f6pt en mask till mig som jag brukar ha p\u00e5 mig. Jag tycker att det \u00e4r lite l\u00e4skigt att ha den \u00f6ver \u00f6gonen s\u00e5 jag har den i pannan ist\u00e4llet. \/L<\/p>\n","protected":false},"author":2,"featured_media":0,"comment_status":"closed","ping_status":"closed","sticky":false,"template":"","format":"standard","meta":{"footnotes":""},"categories":[1],"tags":[],"class_list":["post-839","post","type-post","status-publish","format-standard","hentry","category-uncategorized"],"_links":{"self":[{"href":"https:\/\/www.thelins.se\/lisa\/blog\/wp-json\/wp\/v2\/posts\/839","targetHints":{"allow":["GET"]}}],"collection":[{"href":"https:\/\/www.thelins.se\/lisa\/blog\/wp-json\/wp\/v2\/posts"}],"about":[{"href":"https:\/\/www.thelins.se\/lisa\/blog\/wp-json\/wp\/v2\/types\/post"}],"author":[{"embeddable":true,"href":"https:\/\/www.thelins.se\/lisa\/blog\/wp-json\/wp\/v2\/users\/2"}],"replies":[{"embeddable":true,"href":"https:\/\/www.thelins.se\/lisa\/blog\/wp-json\/wp\/v2\/comments?post=839"}],"version-history":[{"count":2,"href":"https:\/\/www.thelins.se\/lisa\/blog\/wp-json\/wp\/v2\/posts\/839\/revisions"}],"predecessor-version":[{"id":842,"href":"https:\/\/www.thelins.se\/lisa\/blog\/wp-json\/wp\/v2\/posts\/839\/revisions\/842"}],"wp:attachment":[{"href":"https:\/\/www.thelins.se\/lisa\/blog\/wp-json\/wp\/v2\/media?parent=839"}],"wp:term":[{"taxonomy":"category","embeddable":true,"href":"https:\/\/www.thelins.se\/lisa\/blog\/wp-json\/wp\/v2\/categories?post=839"},{"taxonomy":"post_tag","embeddable":true,"href":"https:\/\/www.thelins.se\/lisa\/blog\/wp-json\/wp\/v2\/tags?post=839"}],"curies":[{"name":"wp","href":"https:\/\/api.w.org\/{rel}","templated":true}]}}