{"id":835,"date":"2011-02-01T15:31:37","date_gmt":"2011-02-01T14:31:37","guid":{"rendered":"http:\/\/www.thelins.se\/lisa\/blog\/?p=835"},"modified":"2011-01-31T15:37:17","modified_gmt":"2011-01-31T14:37:17","slug":"sjukhuset","status":"publish","type":"post","link":"https:\/\/www.thelins.se\/lisa\/blog\/2011\/02\/sjukhuset\/","title":{"rendered":"Sjukhuset"},"content":{"rendered":"<p>Hej alla,<\/p>\n<p>Min gammelmormor, Ingegerd, ligger p\u00e5 sjukhus. D\u00e5 n\u00e4r jag kommer och h\u00e4lsar p\u00e5 brukar jag bli lite rastl\u00f6s efter ett tag och d\u00e5 har jag och Patrik hittat en l\u00e5\u00e5\u00e5\u00e5ng trappa som jag brukar g\u00e5 uppf\u00f6r.<\/p>\n<p>Utefter trappan finns det f\u00f6nster som \u00e4r precis lagom stora f\u00f6r mig att st\u00e5 i.<\/p>\n<p><a href=\"https:\/\/www.thelins.se\/lisa\/blog\/wp-content\/uploads\/2011\/01\/20110129035.jpg\"><img loading=\"lazy\" decoding=\"async\" class=\"aligncenter size-medium wp-image-836\" title=\"20110129035\" src=\"https:\/\/www.thelins.se\/lisa\/blog\/wp-content\/uploads\/2011\/01\/20110129035-225x300.jpg\" alt=\"\" width=\"225\" height=\"300\" srcset=\"https:\/\/www.thelins.se\/lisa\/blog\/wp-content\/uploads\/2011\/01\/20110129035-225x300.jpg 225w, https:\/\/www.thelins.se\/lisa\/blog\/wp-content\/uploads\/2011\/01\/20110129035-768x1024.jpg 768w, https:\/\/www.thelins.se\/lisa\/blog\/wp-content\/uploads\/2011\/01\/20110129035-112x150.jpg 112w, https:\/\/www.thelins.se\/lisa\/blog\/wp-content\/uploads\/2011\/01\/20110129035.jpg 1536w\" sizes=\"auto, (max-width: 225px) 100vw, 225px\" \/><\/a><\/p>\n<p><a href=\"https:\/\/www.thelins.se\/lisa\/blog\/wp-content\/uploads\/2011\/01\/20110129036.jpg\"><img loading=\"lazy\" decoding=\"async\" class=\"aligncenter size-medium wp-image-837\" title=\"20110129036\" src=\"https:\/\/www.thelins.se\/lisa\/blog\/wp-content\/uploads\/2011\/01\/20110129036-225x300.jpg\" alt=\"\" width=\"225\" height=\"300\" srcset=\"https:\/\/www.thelins.se\/lisa\/blog\/wp-content\/uploads\/2011\/01\/20110129036-225x300.jpg 225w, https:\/\/www.thelins.se\/lisa\/blog\/wp-content\/uploads\/2011\/01\/20110129036-768x1024.jpg 768w, https:\/\/www.thelins.se\/lisa\/blog\/wp-content\/uploads\/2011\/01\/20110129036-112x150.jpg 112w, https:\/\/www.thelins.se\/lisa\/blog\/wp-content\/uploads\/2011\/01\/20110129036.jpg 1536w\" sizes=\"auto, (max-width: 225px) 100vw, 225px\" \/><\/a><\/p>\n<p>\/L<\/p>\n","protected":false},"excerpt":{"rendered":"<p>Hej alla, Min gammelmormor, Ingegerd, ligger p\u00e5 sjukhus. D\u00e5 n\u00e4r jag kommer och h\u00e4lsar p\u00e5 brukar jag bli lite rastl\u00f6s efter ett tag och d\u00e5 har jag och Patrik hittat en l\u00e5\u00e5\u00e5\u00e5ng trappa som jag brukar g\u00e5 uppf\u00f6r. Utefter trappan finns det f\u00f6nster som \u00e4r precis lagom stora f\u00f6r mig att st\u00e5 i. \/L<\/p>\n","protected":false},"author":2,"featured_media":0,"comment_status":"closed","ping_status":"closed","sticky":false,"template":"","format":"standard","meta":{"footnotes":""},"categories":[1],"tags":[],"class_list":["post-835","post","type-post","status-publish","format-standard","hentry","category-uncategorized"],"_links":{"self":[{"href":"https:\/\/www.thelins.se\/lisa\/blog\/wp-json\/wp\/v2\/posts\/835","targetHints":{"allow":["GET"]}}],"collection":[{"href":"https:\/\/www.thelins.se\/lisa\/blog\/wp-json\/wp\/v2\/posts"}],"about":[{"href":"https:\/\/www.thelins.se\/lisa\/blog\/wp-json\/wp\/v2\/types\/post"}],"author":[{"embeddable":true,"href":"https:\/\/www.thelins.se\/lisa\/blog\/wp-json\/wp\/v2\/users\/2"}],"replies":[{"embeddable":true,"href":"https:\/\/www.thelins.se\/lisa\/blog\/wp-json\/wp\/v2\/comments?post=835"}],"version-history":[{"count":1,"href":"https:\/\/www.thelins.se\/lisa\/blog\/wp-json\/wp\/v2\/posts\/835\/revisions"}],"predecessor-version":[{"id":838,"href":"https:\/\/www.thelins.se\/lisa\/blog\/wp-json\/wp\/v2\/posts\/835\/revisions\/838"}],"wp:attachment":[{"href":"https:\/\/www.thelins.se\/lisa\/blog\/wp-json\/wp\/v2\/media?parent=835"}],"wp:term":[{"taxonomy":"category","embeddable":true,"href":"https:\/\/www.thelins.se\/lisa\/blog\/wp-json\/wp\/v2\/categories?post=835"},{"taxonomy":"post_tag","embeddable":true,"href":"https:\/\/www.thelins.se\/lisa\/blog\/wp-json\/wp\/v2\/tags?post=835"}],"curies":[{"name":"wp","href":"https:\/\/api.w.org\/{rel}","templated":true}]}}