{"id":794,"date":"2011-01-22T14:09:15","date_gmt":"2011-01-22T13:09:15","guid":{"rendered":"http:\/\/www.thelins.se\/lisa\/blog\/?p=794"},"modified":"2011-01-20T14:12:12","modified_gmt":"2011-01-20T13:12:12","slug":"kaninsnogubbe","status":"publish","type":"post","link":"https:\/\/www.thelins.se\/lisa\/blog\/2011\/01\/kaninsnogubbe\/","title":{"rendered":"Kaninsn\u00f6gubbe"},"content":{"rendered":"<p>Hej alla,<\/p>\n<p>Pappa skulle vara sn\u00e4ll och g\u00f6ra en sn\u00f6gubbe \u00e5t mig som s\u00e5g ut som en kanin&#8230;<\/p>\n<p><a href=\"https:\/\/www.thelins.se\/lisa\/blog\/wp-content\/uploads\/2011\/01\/DSC03914.jpg\"><img loading=\"lazy\" decoding=\"async\" class=\"aligncenter size-medium wp-image-795\" title=\"DSC03914\" src=\"https:\/\/www.thelins.se\/lisa\/blog\/wp-content\/uploads\/2011\/01\/DSC03914-300x225.jpg\" alt=\"\" width=\"300\" height=\"225\" srcset=\"https:\/\/www.thelins.se\/lisa\/blog\/wp-content\/uploads\/2011\/01\/DSC03914-300x225.jpg 300w, https:\/\/www.thelins.se\/lisa\/blog\/wp-content\/uploads\/2011\/01\/DSC03914-150x112.jpg 150w, https:\/\/www.thelins.se\/lisa\/blog\/wp-content\/uploads\/2011\/01\/DSC03914.jpg 800w\" sizes=\"auto, (max-width: 300px) 100vw, 300px\" \/><\/a><\/p>\n<p>Men jag tyckte att den s\u00e5g hemsk ut och v\u00e5gade inte titta p\u00e5 den ens genom f\u00f6nstret utan att b\u00f6rja gr\u00e5ta.<\/p>\n<p><a href=\"https:\/\/www.thelins.se\/lisa\/blog\/wp-content\/uploads\/2011\/01\/DSC03915.jpg\"><img loading=\"lazy\" decoding=\"async\" class=\"aligncenter size-medium wp-image-796\" title=\"DSC03915\" src=\"https:\/\/www.thelins.se\/lisa\/blog\/wp-content\/uploads\/2011\/01\/DSC03915-300x225.jpg\" alt=\"\" width=\"300\" height=\"225\" srcset=\"https:\/\/www.thelins.se\/lisa\/blog\/wp-content\/uploads\/2011\/01\/DSC03915-300x225.jpg 300w, https:\/\/www.thelins.se\/lisa\/blog\/wp-content\/uploads\/2011\/01\/DSC03915-150x112.jpg 150w, https:\/\/www.thelins.se\/lisa\/blog\/wp-content\/uploads\/2011\/01\/DSC03915.jpg 640w\" sizes=\"auto, (max-width: 300px) 100vw, 300px\" \/><\/a><\/p>\n<p>Tur att det dagen efter var t\u00f6v\u00e4der s\u00e5 att den t\u00f6ade bort.<\/p>\n<p>\/L<\/p>\n","protected":false},"excerpt":{"rendered":"<p>Hej alla, Pappa skulle vara sn\u00e4ll och g\u00f6ra en sn\u00f6gubbe \u00e5t mig som s\u00e5g ut som en kanin&#8230; Men jag tyckte att den s\u00e5g hemsk ut och v\u00e5gade inte titta p\u00e5 den ens genom f\u00f6nstret utan att b\u00f6rja gr\u00e5ta. Tur att det dagen efter var t\u00f6v\u00e4der s\u00e5 att den t\u00f6ade bort. \/L<\/p>\n","protected":false},"author":2,"featured_media":0,"comment_status":"closed","ping_status":"closed","sticky":false,"template":"","format":"standard","meta":{"footnotes":""},"categories":[1],"tags":[],"class_list":["post-794","post","type-post","status-publish","format-standard","hentry","category-uncategorized"],"_links":{"self":[{"href":"https:\/\/www.thelins.se\/lisa\/blog\/wp-json\/wp\/v2\/posts\/794","targetHints":{"allow":["GET"]}}],"collection":[{"href":"https:\/\/www.thelins.se\/lisa\/blog\/wp-json\/wp\/v2\/posts"}],"about":[{"href":"https:\/\/www.thelins.se\/lisa\/blog\/wp-json\/wp\/v2\/types\/post"}],"author":[{"embeddable":true,"href":"https:\/\/www.thelins.se\/lisa\/blog\/wp-json\/wp\/v2\/users\/2"}],"replies":[{"embeddable":true,"href":"https:\/\/www.thelins.se\/lisa\/blog\/wp-json\/wp\/v2\/comments?post=794"}],"version-history":[{"count":2,"href":"https:\/\/www.thelins.se\/lisa\/blog\/wp-json\/wp\/v2\/posts\/794\/revisions"}],"predecessor-version":[{"id":798,"href":"https:\/\/www.thelins.se\/lisa\/blog\/wp-json\/wp\/v2\/posts\/794\/revisions\/798"}],"wp:attachment":[{"href":"https:\/\/www.thelins.se\/lisa\/blog\/wp-json\/wp\/v2\/media?parent=794"}],"wp:term":[{"taxonomy":"category","embeddable":true,"href":"https:\/\/www.thelins.se\/lisa\/blog\/wp-json\/wp\/v2\/categories?post=794"},{"taxonomy":"post_tag","embeddable":true,"href":"https:\/\/www.thelins.se\/lisa\/blog\/wp-json\/wp\/v2\/tags?post=794"}],"curies":[{"name":"wp","href":"https:\/\/api.w.org\/{rel}","templated":true}]}}