{"id":737,"date":"2010-12-21T06:48:47","date_gmt":"2010-12-21T05:48:47","guid":{"rendered":"http:\/\/www.thelins.se\/lisa\/blog\/?p=737"},"modified":"2010-12-21T06:48:47","modified_gmt":"2010-12-21T05:48:47","slug":"jul-pa-liseberg","status":"publish","type":"post","link":"https:\/\/www.thelins.se\/lisa\/blog\/2010\/12\/jul-pa-liseberg\/","title":{"rendered":"Jul p\u00e5 Liseberg"},"content":{"rendered":"<p>Hej alla,<\/p>\n<p>I fredags var jag med mamma, pappa, Patrik, farmor, farfar, mormor och morfar p\u00e5 jul p\u00e5 Liseberg.<\/p>\n<p>F\u00f6rst \u00e5t vi julbord. De hade en uts\u00f6kt skinka som jag \u00e5t mycket av.<\/p>\n<p><a href=\"https:\/\/www.thelins.se\/lisa\/blog\/wp-content\/uploads\/2010\/12\/P1020585.jpg\"><img loading=\"lazy\" decoding=\"async\" class=\"aligncenter size-medium wp-image-738\" title=\"P1020585\" src=\"https:\/\/www.thelins.se\/lisa\/blog\/wp-content\/uploads\/2010\/12\/P1020585-300x225.jpg\" alt=\"\" width=\"300\" height=\"225\" srcset=\"https:\/\/www.thelins.se\/lisa\/blog\/wp-content\/uploads\/2010\/12\/P1020585-300x225.jpg 300w, https:\/\/www.thelins.se\/lisa\/blog\/wp-content\/uploads\/2010\/12\/P1020585-150x112.jpg 150w, https:\/\/www.thelins.se\/lisa\/blog\/wp-content\/uploads\/2010\/12\/P1020585.jpg 1024w\" sizes=\"auto, (max-width: 300px) 100vw, 300px\" \/><\/a><\/p>\n<p>N\u00e4r jag tr\u00f6ttnade p\u00e5 att \u00e4ta fick jag leka i farfars kn\u00e4.<\/p>\n<p><a href=\"https:\/\/www.thelins.se\/lisa\/blog\/wp-content\/uploads\/2010\/12\/P1020594.jpg\"><img loading=\"lazy\" decoding=\"async\" class=\"aligncenter size-medium wp-image-739\" title=\"P1020594\" src=\"https:\/\/www.thelins.se\/lisa\/blog\/wp-content\/uploads\/2010\/12\/P1020594-300x225.jpg\" alt=\"\" width=\"300\" height=\"225\" srcset=\"https:\/\/www.thelins.se\/lisa\/blog\/wp-content\/uploads\/2010\/12\/P1020594-300x225.jpg 300w, https:\/\/www.thelins.se\/lisa\/blog\/wp-content\/uploads\/2010\/12\/P1020594-150x112.jpg 150w, https:\/\/www.thelins.se\/lisa\/blog\/wp-content\/uploads\/2010\/12\/P1020594.jpg 1024w\" sizes=\"auto, (max-width: 300px) 100vw, 300px\" \/><\/a><\/p>\n<p>Och sedan \u00e4ven med farmor, mormor och morfar.<\/p>\n<p><a href=\"https:\/\/www.thelins.se\/lisa\/blog\/wp-content\/uploads\/2010\/12\/P1020595.jpg\"><img loading=\"lazy\" decoding=\"async\" class=\"aligncenter size-medium wp-image-740\" title=\"P1020595\" src=\"https:\/\/www.thelins.se\/lisa\/blog\/wp-content\/uploads\/2010\/12\/P1020595-300x225.jpg\" alt=\"\" width=\"300\" height=\"225\" srcset=\"https:\/\/www.thelins.se\/lisa\/blog\/wp-content\/uploads\/2010\/12\/P1020595-300x225.jpg 300w, https:\/\/www.thelins.se\/lisa\/blog\/wp-content\/uploads\/2010\/12\/P1020595-150x112.jpg 150w, https:\/\/www.thelins.se\/lisa\/blog\/wp-content\/uploads\/2010\/12\/P1020595.jpg 1024w\" sizes=\"auto, (max-width: 300px) 100vw, 300px\" \/><\/a><\/p>\n<p>De hade en show p\u00e5 isen med kaniner som vi gick ut och tittade p\u00e5. De var duktiga skridsko\u00e5kare de d\u00e4r kaninerna.<\/p>\n<p><a href=\"https:\/\/www.thelins.se\/lisa\/blog\/wp-content\/uploads\/2010\/12\/P1020596.jpg\"><img loading=\"lazy\" decoding=\"async\" class=\"aligncenter size-medium wp-image-741\" title=\"P1020596\" src=\"https:\/\/www.thelins.se\/lisa\/blog\/wp-content\/uploads\/2010\/12\/P1020596-300x225.jpg\" alt=\"\" width=\"300\" height=\"225\" srcset=\"https:\/\/www.thelins.se\/lisa\/blog\/wp-content\/uploads\/2010\/12\/P1020596-300x225.jpg 300w, https:\/\/www.thelins.se\/lisa\/blog\/wp-content\/uploads\/2010\/12\/P1020596-150x112.jpg 150w, https:\/\/www.thelins.se\/lisa\/blog\/wp-content\/uploads\/2010\/12\/P1020596.jpg 1024w\" sizes=\"auto, (max-width: 300px) 100vw, 300px\" \/><\/a><\/p>\n<p>Det fanns massa olika djur p\u00e5 Liseberg som vi tittade p\u00e5.<\/p>\n<p><a href=\"https:\/\/www.thelins.se\/lisa\/blog\/wp-content\/uploads\/2010\/12\/P1020605.jpg\"><img loading=\"lazy\" decoding=\"async\" class=\"aligncenter size-medium wp-image-742\" title=\"P1020605\" src=\"https:\/\/www.thelins.se\/lisa\/blog\/wp-content\/uploads\/2010\/12\/P1020605-300x225.jpg\" alt=\"\" width=\"300\" height=\"225\" srcset=\"https:\/\/www.thelins.se\/lisa\/blog\/wp-content\/uploads\/2010\/12\/P1020605-300x225.jpg 300w, https:\/\/www.thelins.se\/lisa\/blog\/wp-content\/uploads\/2010\/12\/P1020605-150x112.jpg 150w, https:\/\/www.thelins.se\/lisa\/blog\/wp-content\/uploads\/2010\/12\/P1020605.jpg 1024w\" sizes=\"auto, (max-width: 300px) 100vw, 300px\" \/><\/a><\/p>\n<p>Fast jag v\u00e5gade inte klappa n\u00e5gra av dem.<\/p>\n<p><a href=\"https:\/\/www.thelins.se\/lisa\/blog\/wp-content\/uploads\/2010\/12\/P1020608.jpg\"><img loading=\"lazy\" decoding=\"async\" class=\"aligncenter size-medium wp-image-743\" title=\"P1020608\" src=\"https:\/\/www.thelins.se\/lisa\/blog\/wp-content\/uploads\/2010\/12\/P1020608-225x300.jpg\" alt=\"\" width=\"225\" height=\"300\" srcset=\"https:\/\/www.thelins.se\/lisa\/blog\/wp-content\/uploads\/2010\/12\/P1020608-225x300.jpg 225w, https:\/\/www.thelins.se\/lisa\/blog\/wp-content\/uploads\/2010\/12\/P1020608-112x150.jpg 112w, https:\/\/www.thelins.se\/lisa\/blog\/wp-content\/uploads\/2010\/12\/P1020608.jpg 768w\" sizes=\"auto, (max-width: 225px) 100vw, 225px\" \/><\/a><\/p>\n<p>Sedan \u00e5kte jag ock pappa en karusell. Det var kul!<\/p>\n<p><a href=\"https:\/\/www.thelins.se\/lisa\/blog\/wp-content\/uploads\/2010\/12\/P1020615.jpg\"><img loading=\"lazy\" decoding=\"async\" class=\"aligncenter size-medium wp-image-744\" title=\"P1020615\" src=\"https:\/\/www.thelins.se\/lisa\/blog\/wp-content\/uploads\/2010\/12\/P1020615-300x225.jpg\" alt=\"\" width=\"300\" height=\"225\" srcset=\"https:\/\/www.thelins.se\/lisa\/blog\/wp-content\/uploads\/2010\/12\/P1020615-300x225.jpg 300w, https:\/\/www.thelins.se\/lisa\/blog\/wp-content\/uploads\/2010\/12\/P1020615-150x112.jpg 150w, https:\/\/www.thelins.se\/lisa\/blog\/wp-content\/uploads\/2010\/12\/P1020615.jpg 1024w\" sizes=\"auto, (max-width: 300px) 100vw, 300px\" \/><\/a><\/p>\n<p>\/L<\/p>\n","protected":false},"excerpt":{"rendered":"<p>Hej alla, I fredags var jag med mamma, pappa, Patrik, farmor, farfar, mormor och morfar p\u00e5 jul p\u00e5 Liseberg. F\u00f6rst \u00e5t vi julbord. De hade en uts\u00f6kt skinka som jag \u00e5t mycket av. N\u00e4r jag tr\u00f6ttnade p\u00e5 att \u00e4ta fick jag leka i farfars kn\u00e4. Och sedan \u00e4ven med farmor, mormor och morfar. De hade&hellip;<\/p>\n","protected":false},"author":2,"featured_media":0,"comment_status":"closed","ping_status":"closed","sticky":false,"template":"","format":"standard","meta":{"footnotes":""},"categories":[1],"tags":[],"class_list":["post-737","post","type-post","status-publish","format-standard","hentry","category-uncategorized"],"_links":{"self":[{"href":"https:\/\/www.thelins.se\/lisa\/blog\/wp-json\/wp\/v2\/posts\/737","targetHints":{"allow":["GET"]}}],"collection":[{"href":"https:\/\/www.thelins.se\/lisa\/blog\/wp-json\/wp\/v2\/posts"}],"about":[{"href":"https:\/\/www.thelins.se\/lisa\/blog\/wp-json\/wp\/v2\/types\/post"}],"author":[{"embeddable":true,"href":"https:\/\/www.thelins.se\/lisa\/blog\/wp-json\/wp\/v2\/users\/2"}],"replies":[{"embeddable":true,"href":"https:\/\/www.thelins.se\/lisa\/blog\/wp-json\/wp\/v2\/comments?post=737"}],"version-history":[{"count":2,"href":"https:\/\/www.thelins.se\/lisa\/blog\/wp-json\/wp\/v2\/posts\/737\/revisions"}],"predecessor-version":[{"id":746,"href":"https:\/\/www.thelins.se\/lisa\/blog\/wp-json\/wp\/v2\/posts\/737\/revisions\/746"}],"wp:attachment":[{"href":"https:\/\/www.thelins.se\/lisa\/blog\/wp-json\/wp\/v2\/media?parent=737"}],"wp:term":[{"taxonomy":"category","embeddable":true,"href":"https:\/\/www.thelins.se\/lisa\/blog\/wp-json\/wp\/v2\/categories?post=737"},{"taxonomy":"post_tag","embeddable":true,"href":"https:\/\/www.thelins.se\/lisa\/blog\/wp-json\/wp\/v2\/tags?post=737"}],"curies":[{"name":"wp","href":"https:\/\/api.w.org\/{rel}","templated":true}]}}