{"id":723,"date":"2010-12-13T08:17:34","date_gmt":"2010-12-13T07:17:34","guid":{"rendered":"http:\/\/www.thelins.se\/lisa\/blog\/?p=723"},"modified":"2010-12-12T20:23:52","modified_gmt":"2010-12-12T19:23:52","slug":"lucia-3","status":"publish","type":"post","link":"https:\/\/www.thelins.se\/lisa\/blog\/2010\/12\/lucia-3\/","title":{"rendered":"Lucia"},"content":{"rendered":"<p>Hej alla,<\/p>\n<p>Idag \u00e4r det Lucia. Kronan kliade n\u00e4r jag hade den p\u00e5 mig men mamma lyckades i alla fall ta ett kort, om \u00e4n lite suddigt, innan jag tog av mig den. Imorgon ska jag vara Lucia p\u00e5 f\u00f6rskolan. Det ska bli kul.<\/p>\n<p><a href=\"https:\/\/www.thelins.se\/lisa\/blog\/wp-content\/uploads\/2010\/12\/P1020571.jpg\"><img loading=\"lazy\" decoding=\"async\" class=\"aligncenter size-medium wp-image-724\" title=\"P1020571\" src=\"https:\/\/www.thelins.se\/lisa\/blog\/wp-content\/uploads\/2010\/12\/P1020571-225x300.jpg\" alt=\"\" width=\"225\" height=\"300\" srcset=\"https:\/\/www.thelins.se\/lisa\/blog\/wp-content\/uploads\/2010\/12\/P1020571-225x300.jpg 225w, https:\/\/www.thelins.se\/lisa\/blog\/wp-content\/uploads\/2010\/12\/P1020571-112x150.jpg 112w, https:\/\/www.thelins.se\/lisa\/blog\/wp-content\/uploads\/2010\/12\/P1020571.jpg 768w\" sizes=\"auto, (max-width: 225px) 100vw, 225px\" \/><\/a><\/p>\n<p>\/L<\/p>\n","protected":false},"excerpt":{"rendered":"<p>Hej alla, Idag \u00e4r det Lucia. Kronan kliade n\u00e4r jag hade den p\u00e5 mig men mamma lyckades i alla fall ta ett kort, om \u00e4n lite suddigt, innan jag tog av mig den. Imorgon ska jag vara Lucia p\u00e5 f\u00f6rskolan. Det ska bli kul. \/L<\/p>\n","protected":false},"author":2,"featured_media":0,"comment_status":"closed","ping_status":"closed","sticky":false,"template":"","format":"standard","meta":{"footnotes":""},"categories":[1],"tags":[],"class_list":["post-723","post","type-post","status-publish","format-standard","hentry","category-uncategorized"],"_links":{"self":[{"href":"https:\/\/www.thelins.se\/lisa\/blog\/wp-json\/wp\/v2\/posts\/723","targetHints":{"allow":["GET"]}}],"collection":[{"href":"https:\/\/www.thelins.se\/lisa\/blog\/wp-json\/wp\/v2\/posts"}],"about":[{"href":"https:\/\/www.thelins.se\/lisa\/blog\/wp-json\/wp\/v2\/types\/post"}],"author":[{"embeddable":true,"href":"https:\/\/www.thelins.se\/lisa\/blog\/wp-json\/wp\/v2\/users\/2"}],"replies":[{"embeddable":true,"href":"https:\/\/www.thelins.se\/lisa\/blog\/wp-json\/wp\/v2\/comments?post=723"}],"version-history":[{"count":3,"href":"https:\/\/www.thelins.se\/lisa\/blog\/wp-json\/wp\/v2\/posts\/723\/revisions"}],"predecessor-version":[{"id":728,"href":"https:\/\/www.thelins.se\/lisa\/blog\/wp-json\/wp\/v2\/posts\/723\/revisions\/728"}],"wp:attachment":[{"href":"https:\/\/www.thelins.se\/lisa\/blog\/wp-json\/wp\/v2\/media?parent=723"}],"wp:term":[{"taxonomy":"category","embeddable":true,"href":"https:\/\/www.thelins.se\/lisa\/blog\/wp-json\/wp\/v2\/categories?post=723"},{"taxonomy":"post_tag","embeddable":true,"href":"https:\/\/www.thelins.se\/lisa\/blog\/wp-json\/wp\/v2\/tags?post=723"}],"curies":[{"name":"wp","href":"https:\/\/api.w.org\/{rel}","templated":true}]}}