{"id":709,"date":"2010-12-10T09:47:41","date_gmt":"2010-12-10T08:47:41","guid":{"rendered":"http:\/\/www.thelins.se\/lisa\/blog\/?p=709"},"modified":"2010-12-09T06:54:36","modified_gmt":"2010-12-09T05:54:36","slug":"pepparkaksbak","status":"publish","type":"post","link":"https:\/\/www.thelins.se\/lisa\/blog\/2010\/12\/pepparkaksbak\/","title":{"rendered":"Pepparkaksbak"},"content":{"rendered":"<p>\u00a0<\/p>\n<p>Hej alla,<\/p>\n<p>Nu har vi bakat pepparkakor hemma. F\u00f6rst kavlar man&#8230;<\/p>\n<p><a href=\"https:\/\/www.thelins.se\/lisa\/blog\/wp-content\/uploads\/2010\/12\/P1020568.jpg\"><img loading=\"lazy\" decoding=\"async\" class=\"aligncenter size-medium wp-image-712\" title=\"P1020568\" src=\"https:\/\/www.thelins.se\/lisa\/blog\/wp-content\/uploads\/2010\/12\/P1020568-225x300.jpg\" alt=\"\" width=\"225\" height=\"300\" srcset=\"https:\/\/www.thelins.se\/lisa\/blog\/wp-content\/uploads\/2010\/12\/P1020568-225x300.jpg 225w, https:\/\/www.thelins.se\/lisa\/blog\/wp-content\/uploads\/2010\/12\/P1020568-112x150.jpg 112w, https:\/\/www.thelins.se\/lisa\/blog\/wp-content\/uploads\/2010\/12\/P1020568.jpg 768w\" sizes=\"auto, (max-width: 225px) 100vw, 225px\" \/><\/a><\/p>\n<p>sen tar man ut alla kakor med olika m\u00e5tt&#8230;<\/p>\n<p><a href=\"https:\/\/www.thelins.se\/lisa\/blog\/wp-content\/uploads\/2010\/12\/P1020563.jpg\"><img loading=\"lazy\" decoding=\"async\" class=\"aligncenter size-medium wp-image-710\" title=\"P1020563\" src=\"https:\/\/www.thelins.se\/lisa\/blog\/wp-content\/uploads\/2010\/12\/P1020563-225x300.jpg\" alt=\"\" width=\"225\" height=\"300\" srcset=\"https:\/\/www.thelins.se\/lisa\/blog\/wp-content\/uploads\/2010\/12\/P1020563-225x300.jpg 225w, https:\/\/www.thelins.se\/lisa\/blog\/wp-content\/uploads\/2010\/12\/P1020563-112x150.jpg 112w, https:\/\/www.thelins.se\/lisa\/blog\/wp-content\/uploads\/2010\/12\/P1020563.jpg 768w\" sizes=\"auto, (max-width: 225px) 100vw, 225px\" \/><\/a><\/p>\n<p>d\u00e5 blir det s\u00e5 h\u00e4r fina kakor. Jag fick former av mamma som f\u00f6rest\u00e4llde Bamse, Lille skutt och Skalman. Det blev extra goda kakor av de formerna.<\/p>\n<p><a href=\"https:\/\/www.thelins.se\/lisa\/blog\/wp-content\/uploads\/2010\/12\/P1020567.jpg\"><img loading=\"lazy\" decoding=\"async\" class=\"aligncenter size-medium wp-image-711\" title=\"P1020567\" src=\"https:\/\/www.thelins.se\/lisa\/blog\/wp-content\/uploads\/2010\/12\/P1020567-300x225.jpg\" alt=\"\" width=\"300\" height=\"225\" srcset=\"https:\/\/www.thelins.se\/lisa\/blog\/wp-content\/uploads\/2010\/12\/P1020567-300x225.jpg 300w, https:\/\/www.thelins.se\/lisa\/blog\/wp-content\/uploads\/2010\/12\/P1020567-150x112.jpg 150w, https:\/\/www.thelins.se\/lisa\/blog\/wp-content\/uploads\/2010\/12\/P1020567.jpg 1024w\" sizes=\"auto, (max-width: 300px) 100vw, 300px\" \/><\/a><\/p>\n<p>\/L<\/p>\n","protected":false},"excerpt":{"rendered":"<p>\u00a0 Hej alla, Nu har vi bakat pepparkakor hemma. F\u00f6rst kavlar man&#8230; sen tar man ut alla kakor med olika m\u00e5tt&#8230; d\u00e5 blir det s\u00e5 h\u00e4r fina kakor. Jag fick former av mamma som f\u00f6rest\u00e4llde Bamse, Lille skutt och Skalman. Det blev extra goda kakor av de formerna. \/L<\/p>\n","protected":false},"author":2,"featured_media":0,"comment_status":"closed","ping_status":"closed","sticky":false,"template":"","format":"standard","meta":{"footnotes":""},"categories":[1],"tags":[],"class_list":["post-709","post","type-post","status-publish","format-standard","hentry","category-uncategorized"],"_links":{"self":[{"href":"https:\/\/www.thelins.se\/lisa\/blog\/wp-json\/wp\/v2\/posts\/709","targetHints":{"allow":["GET"]}}],"collection":[{"href":"https:\/\/www.thelins.se\/lisa\/blog\/wp-json\/wp\/v2\/posts"}],"about":[{"href":"https:\/\/www.thelins.se\/lisa\/blog\/wp-json\/wp\/v2\/types\/post"}],"author":[{"embeddable":true,"href":"https:\/\/www.thelins.se\/lisa\/blog\/wp-json\/wp\/v2\/users\/2"}],"replies":[{"embeddable":true,"href":"https:\/\/www.thelins.se\/lisa\/blog\/wp-json\/wp\/v2\/comments?post=709"}],"version-history":[{"count":2,"href":"https:\/\/www.thelins.se\/lisa\/blog\/wp-json\/wp\/v2\/posts\/709\/revisions"}],"predecessor-version":[{"id":714,"href":"https:\/\/www.thelins.se\/lisa\/blog\/wp-json\/wp\/v2\/posts\/709\/revisions\/714"}],"wp:attachment":[{"href":"https:\/\/www.thelins.se\/lisa\/blog\/wp-json\/wp\/v2\/media?parent=709"}],"wp:term":[{"taxonomy":"category","embeddable":true,"href":"https:\/\/www.thelins.se\/lisa\/blog\/wp-json\/wp\/v2\/categories?post=709"},{"taxonomy":"post_tag","embeddable":true,"href":"https:\/\/www.thelins.se\/lisa\/blog\/wp-json\/wp\/v2\/tags?post=709"}],"curies":[{"name":"wp","href":"https:\/\/api.w.org\/{rel}","templated":true}]}}