{"id":700,"date":"2010-12-05T18:19:35","date_gmt":"2010-12-05T17:19:35","guid":{"rendered":"http:\/\/www.thelins.se\/lisa\/blog\/?p=700"},"modified":"2010-12-05T18:19:35","modified_gmt":"2010-12-05T17:19:35","slug":"fotograf","status":"publish","type":"post","link":"https:\/\/www.thelins.se\/lisa\/blog\/2010\/12\/fotograf\/","title":{"rendered":"Fotograf"},"content":{"rendered":"<p>Hej alla,<\/p>\n<p>H\u00e4rom veckan s\u00e5 f\u00f6rs\u00f6kte farbror Patrik att ta kort p\u00e5 mig. Se s\u00e5 bra det gick!<\/p>\n<p><a href=\"https:\/\/www.thelins.se\/lisa\/blog\/wp-content\/uploads\/2010\/12\/20101114-20.32.541.jpg\"><img loading=\"lazy\" decoding=\"async\" class=\"aligncenter size-medium wp-image-702\" title=\"20101114 - 20.32.54\" src=\"https:\/\/www.thelins.se\/lisa\/blog\/wp-content\/uploads\/2010\/12\/20101114-20.32.541-200x300.jpg\" alt=\"\" width=\"200\" height=\"300\" srcset=\"https:\/\/www.thelins.se\/lisa\/blog\/wp-content\/uploads\/2010\/12\/20101114-20.32.541-200x300.jpg 200w, https:\/\/www.thelins.se\/lisa\/blog\/wp-content\/uploads\/2010\/12\/20101114-20.32.541-100x150.jpg 100w, https:\/\/www.thelins.se\/lisa\/blog\/wp-content\/uploads\/2010\/12\/20101114-20.32.541.jpg 683w\" sizes=\"auto, (max-width: 200px) 100vw, 200px\" \/><\/a><\/p>\n<p>\/L<\/p>\n","protected":false},"excerpt":{"rendered":"<p>Hej alla, H\u00e4rom veckan s\u00e5 f\u00f6rs\u00f6kte farbror Patrik att ta kort p\u00e5 mig. Se s\u00e5 bra det gick! \/L<\/p>\n","protected":false},"author":2,"featured_media":0,"comment_status":"closed","ping_status":"closed","sticky":false,"template":"","format":"standard","meta":{"footnotes":""},"categories":[1],"tags":[],"class_list":["post-700","post","type-post","status-publish","format-standard","hentry","category-uncategorized"],"_links":{"self":[{"href":"https:\/\/www.thelins.se\/lisa\/blog\/wp-json\/wp\/v2\/posts\/700","targetHints":{"allow":["GET"]}}],"collection":[{"href":"https:\/\/www.thelins.se\/lisa\/blog\/wp-json\/wp\/v2\/posts"}],"about":[{"href":"https:\/\/www.thelins.se\/lisa\/blog\/wp-json\/wp\/v2\/types\/post"}],"author":[{"embeddable":true,"href":"https:\/\/www.thelins.se\/lisa\/blog\/wp-json\/wp\/v2\/users\/2"}],"replies":[{"embeddable":true,"href":"https:\/\/www.thelins.se\/lisa\/blog\/wp-json\/wp\/v2\/comments?post=700"}],"version-history":[{"count":1,"href":"https:\/\/www.thelins.se\/lisa\/blog\/wp-json\/wp\/v2\/posts\/700\/revisions"}],"predecessor-version":[{"id":703,"href":"https:\/\/www.thelins.se\/lisa\/blog\/wp-json\/wp\/v2\/posts\/700\/revisions\/703"}],"wp:attachment":[{"href":"https:\/\/www.thelins.se\/lisa\/blog\/wp-json\/wp\/v2\/media?parent=700"}],"wp:term":[{"taxonomy":"category","embeddable":true,"href":"https:\/\/www.thelins.se\/lisa\/blog\/wp-json\/wp\/v2\/categories?post=700"},{"taxonomy":"post_tag","embeddable":true,"href":"https:\/\/www.thelins.se\/lisa\/blog\/wp-json\/wp\/v2\/tags?post=700"}],"curies":[{"name":"wp","href":"https:\/\/api.w.org\/{rel}","templated":true}]}}