{"id":7,"date":"2008-08-14T17:16:00","date_gmt":"2008-08-14T15:16:00","guid":{"rendered":"http:\/\/www.thelins.se\/lisa\/blog\/2008\/08\/tyskland-ar-randigt\/"},"modified":"2008-08-14T17:16:00","modified_gmt":"2008-08-14T15:16:00","slug":"tyskland-ar-randigt","status":"publish","type":"post","link":"https:\/\/www.thelins.se\/lisa\/blog\/2008\/08\/tyskland-ar-randigt\/","title":{"rendered":">Tyskland \u00e4r randigt"},"content":{"rendered":"<p>>Hej alla,<\/p>\n<p><a onblur=\"try {parent.deselectBloggerImageGracefully();} catch(e) {}\" href=\"https:\/\/www.thelins.se\/lisa\/blog\/uploaded_images\/randig-749303.jpg\"><img decoding=\"async\" style=\"margin: 0px auto 10px; display: block; text-align: center; cursor: pointer;\" src=\"https:\/\/www.thelins.se\/lisa\/blog\/uploaded_images\/randig-748814.jpg\" alt=\"\" border=\"0\" \/><\/a><br \/>Farmor och farfar var p\u00e5 Europasemester h\u00e4rom veckan. Fick lite importvaror, bland annat en randig dress fr\u00e5n vackra Tyskland. Den sitter bra, mjuka s\u00f6mmar. Farmor \u00e4r juste.<\/p>\n<p>\/Lisa<\/p>\n","protected":false},"excerpt":{"rendered":"<p>>Hej alla, Farmor och farfar var p\u00e5 Europasemester h\u00e4rom veckan. Fick lite importvaror, bland annat en randig dress fr\u00e5n vackra Tyskland. Den sitter bra, mjuka s\u00f6mmar. Farmor \u00e4r juste. \/Lisa<\/p>\n","protected":false},"author":2,"featured_media":0,"comment_status":"closed","ping_status":"closed","sticky":false,"template":"","format":"standard","meta":{"footnotes":""},"categories":[1],"tags":[],"class_list":["post-7","post","type-post","status-publish","format-standard","hentry","category-uncategorized"],"_links":{"self":[{"href":"https:\/\/www.thelins.se\/lisa\/blog\/wp-json\/wp\/v2\/posts\/7","targetHints":{"allow":["GET"]}}],"collection":[{"href":"https:\/\/www.thelins.se\/lisa\/blog\/wp-json\/wp\/v2\/posts"}],"about":[{"href":"https:\/\/www.thelins.se\/lisa\/blog\/wp-json\/wp\/v2\/types\/post"}],"author":[{"embeddable":true,"href":"https:\/\/www.thelins.se\/lisa\/blog\/wp-json\/wp\/v2\/users\/2"}],"replies":[{"embeddable":true,"href":"https:\/\/www.thelins.se\/lisa\/blog\/wp-json\/wp\/v2\/comments?post=7"}],"version-history":[{"count":0,"href":"https:\/\/www.thelins.se\/lisa\/blog\/wp-json\/wp\/v2\/posts\/7\/revisions"}],"wp:attachment":[{"href":"https:\/\/www.thelins.se\/lisa\/blog\/wp-json\/wp\/v2\/media?parent=7"}],"wp:term":[{"taxonomy":"category","embeddable":true,"href":"https:\/\/www.thelins.se\/lisa\/blog\/wp-json\/wp\/v2\/categories?post=7"},{"taxonomy":"post_tag","embeddable":true,"href":"https:\/\/www.thelins.se\/lisa\/blog\/wp-json\/wp\/v2\/tags?post=7"}],"curies":[{"name":"wp","href":"https:\/\/api.w.org\/{rel}","templated":true}]}}