{"id":674,"date":"2010-11-18T09:27:16","date_gmt":"2010-11-18T08:27:16","guid":{"rendered":"http:\/\/www.thelins.se\/lisa\/blog\/?p=674"},"modified":"2010-11-18T09:27:16","modified_gmt":"2010-11-18T08:27:16","slug":"pommes-frites-pa-ikea","status":"publish","type":"post","link":"https:\/\/www.thelins.se\/lisa\/blog\/2010\/11\/pommes-frites-pa-ikea\/","title":{"rendered":"Pommes frites p\u00e5 IKEA"},"content":{"rendered":"<p>Hej alla,<\/p>\n<p>H\u00e4romveckan s\u00e5 var vi p\u00e5 IKEA och k\u00f6pte en TV-b\u00e4nk. Vi passade p\u00e5 att \u00e4ta lite pannbiffar och pommes frites ocks\u00e5. Det vara bara ett problem. Bakom mig s\u00e5 stod en julgran, s\u00e5 jag var tvungen att v\u00e4nda mig om n\u00e4r jag skulle ha mer mat.<\/p>\n<p><a href=\"https:\/\/www.thelins.se\/lisa\/blog\/wp-content\/uploads\/2010\/11\/DSC03749.jpg\"><img loading=\"lazy\" decoding=\"async\" class=\"aligncenter size-medium wp-image-675\" title=\"DSC03749\" src=\"https:\/\/www.thelins.se\/lisa\/blog\/wp-content\/uploads\/2010\/11\/DSC03749-300x225.jpg\" alt=\"\" width=\"300\" height=\"225\" srcset=\"https:\/\/www.thelins.se\/lisa\/blog\/wp-content\/uploads\/2010\/11\/DSC03749-300x225.jpg 300w, https:\/\/www.thelins.se\/lisa\/blog\/wp-content\/uploads\/2010\/11\/DSC03749-150x112.jpg 150w, https:\/\/www.thelins.se\/lisa\/blog\/wp-content\/uploads\/2010\/11\/DSC03749.jpg 640w\" sizes=\"auto, (max-width: 300px) 100vw, 300px\" \/><\/a><\/p>\n<p>\/L<\/p>\n","protected":false},"excerpt":{"rendered":"<p>Hej alla, H\u00e4romveckan s\u00e5 var vi p\u00e5 IKEA och k\u00f6pte en TV-b\u00e4nk. Vi passade p\u00e5 att \u00e4ta lite pannbiffar och pommes frites ocks\u00e5. Det vara bara ett problem. Bakom mig s\u00e5 stod en julgran, s\u00e5 jag var tvungen att v\u00e4nda mig om n\u00e4r jag skulle ha mer mat. \/L<\/p>\n","protected":false},"author":2,"featured_media":0,"comment_status":"closed","ping_status":"closed","sticky":false,"template":"","format":"standard","meta":{"footnotes":""},"categories":[1],"tags":[],"class_list":["post-674","post","type-post","status-publish","format-standard","hentry","category-uncategorized"],"_links":{"self":[{"href":"https:\/\/www.thelins.se\/lisa\/blog\/wp-json\/wp\/v2\/posts\/674","targetHints":{"allow":["GET"]}}],"collection":[{"href":"https:\/\/www.thelins.se\/lisa\/blog\/wp-json\/wp\/v2\/posts"}],"about":[{"href":"https:\/\/www.thelins.se\/lisa\/blog\/wp-json\/wp\/v2\/types\/post"}],"author":[{"embeddable":true,"href":"https:\/\/www.thelins.se\/lisa\/blog\/wp-json\/wp\/v2\/users\/2"}],"replies":[{"embeddable":true,"href":"https:\/\/www.thelins.se\/lisa\/blog\/wp-json\/wp\/v2\/comments?post=674"}],"version-history":[{"count":1,"href":"https:\/\/www.thelins.se\/lisa\/blog\/wp-json\/wp\/v2\/posts\/674\/revisions"}],"predecessor-version":[{"id":676,"href":"https:\/\/www.thelins.se\/lisa\/blog\/wp-json\/wp\/v2\/posts\/674\/revisions\/676"}],"wp:attachment":[{"href":"https:\/\/www.thelins.se\/lisa\/blog\/wp-json\/wp\/v2\/media?parent=674"}],"wp:term":[{"taxonomy":"category","embeddable":true,"href":"https:\/\/www.thelins.se\/lisa\/blog\/wp-json\/wp\/v2\/categories?post=674"},{"taxonomy":"post_tag","embeddable":true,"href":"https:\/\/www.thelins.se\/lisa\/blog\/wp-json\/wp\/v2\/tags?post=674"}],"curies":[{"name":"wp","href":"https:\/\/api.w.org\/{rel}","templated":true}]}}