{"id":664,"date":"2010-10-25T10:06:05","date_gmt":"2010-10-25T08:06:05","guid":{"rendered":"http:\/\/www.thelins.se\/lisa\/blog\/?p=664"},"modified":"2010-10-25T10:06:05","modified_gmt":"2010-10-25T08:06:05","slug":"kolla-ut","status":"publish","type":"post","link":"https:\/\/www.thelins.se\/lisa\/blog\/2010\/10\/kolla-ut\/","title":{"rendered":"Kolla ut"},"content":{"rendered":"<p>Hej alla,<\/p>\n<p>I mitt rum s\u00e5 har jag ett f\u00f6nster. Ibland n\u00e4r man vill titta ut s\u00e5 kl\u00e4ttrar jag upp p\u00e5 elementet med min stol. Sedan kan man ta ett steg upp p\u00e5 f\u00f6nsterbr\u00e4dan och spana. Sp\u00e4nnande!<\/p>\n<p><a href=\"https:\/\/www.thelins.se\/lisa\/blog\/wp-content\/uploads\/2010\/10\/DSC03684.jpg\"><img loading=\"lazy\" decoding=\"async\" class=\"aligncenter size-medium wp-image-666\" title=\"DSC03684\" src=\"https:\/\/www.thelins.se\/lisa\/blog\/wp-content\/uploads\/2010\/10\/DSC03684-225x300.jpg\" alt=\"\" width=\"225\" height=\"300\" srcset=\"https:\/\/www.thelins.se\/lisa\/blog\/wp-content\/uploads\/2010\/10\/DSC03684-225x300.jpg 225w, https:\/\/www.thelins.se\/lisa\/blog\/wp-content\/uploads\/2010\/10\/DSC03684-112x150.jpg 112w, https:\/\/www.thelins.se\/lisa\/blog\/wp-content\/uploads\/2010\/10\/DSC03684.jpg 480w\" sizes=\"auto, (max-width: 225px) 100vw, 225px\" \/><\/a><\/p>\n<p>\/L<\/p>\n","protected":false},"excerpt":{"rendered":"<p>Hej alla, I mitt rum s\u00e5 har jag ett f\u00f6nster. Ibland n\u00e4r man vill titta ut s\u00e5 kl\u00e4ttrar jag upp p\u00e5 elementet med min stol. Sedan kan man ta ett steg upp p\u00e5 f\u00f6nsterbr\u00e4dan och spana. Sp\u00e4nnande! \/L<\/p>\n","protected":false},"author":2,"featured_media":0,"comment_status":"closed","ping_status":"closed","sticky":false,"template":"","format":"standard","meta":{"footnotes":""},"categories":[1],"tags":[],"class_list":["post-664","post","type-post","status-publish","format-standard","hentry","category-uncategorized"],"_links":{"self":[{"href":"https:\/\/www.thelins.se\/lisa\/blog\/wp-json\/wp\/v2\/posts\/664","targetHints":{"allow":["GET"]}}],"collection":[{"href":"https:\/\/www.thelins.se\/lisa\/blog\/wp-json\/wp\/v2\/posts"}],"about":[{"href":"https:\/\/www.thelins.se\/lisa\/blog\/wp-json\/wp\/v2\/types\/post"}],"author":[{"embeddable":true,"href":"https:\/\/www.thelins.se\/lisa\/blog\/wp-json\/wp\/v2\/users\/2"}],"replies":[{"embeddable":true,"href":"https:\/\/www.thelins.se\/lisa\/blog\/wp-json\/wp\/v2\/comments?post=664"}],"version-history":[{"count":2,"href":"https:\/\/www.thelins.se\/lisa\/blog\/wp-json\/wp\/v2\/posts\/664\/revisions"}],"predecessor-version":[{"id":668,"href":"https:\/\/www.thelins.se\/lisa\/blog\/wp-json\/wp\/v2\/posts\/664\/revisions\/668"}],"wp:attachment":[{"href":"https:\/\/www.thelins.se\/lisa\/blog\/wp-json\/wp\/v2\/media?parent=664"}],"wp:term":[{"taxonomy":"category","embeddable":true,"href":"https:\/\/www.thelins.se\/lisa\/blog\/wp-json\/wp\/v2\/categories?post=664"},{"taxonomy":"post_tag","embeddable":true,"href":"https:\/\/www.thelins.se\/lisa\/blog\/wp-json\/wp\/v2\/tags?post=664"}],"curies":[{"name":"wp","href":"https:\/\/api.w.org\/{rel}","templated":true}]}}