{"id":649,"date":"2010-10-26T11:44:13","date_gmt":"2010-10-26T09:44:13","guid":{"rendered":"http:\/\/www.thelins.se\/lisa\/blog\/?p=649"},"modified":"2010-10-22T11:45:02","modified_gmt":"2010-10-22T09:45:02","slug":"jag-nar-upp","status":"publish","type":"post","link":"https:\/\/www.thelins.se\/lisa\/blog\/2010\/10\/jag-nar-upp\/","title":{"rendered":"Jag n\u00e5r upp!"},"content":{"rendered":"<p>Hej alla,<\/p>\n<p>Nu \u00e4r jag s\u00e5 l\u00e5ng att jag kan h\u00e5lla mig i handtaget i bilen. Mamma och pappa m\u00e5ste hj\u00e4lpa mig att f\u00e4lla ner det bara, men det g\u00f6r de om man ber sn\u00e4llt.<\/p>\n<p><a href=\"https:\/\/www.thelins.se\/lisa\/blog\/wp-content\/uploads\/2010\/10\/20101019_001.jpg\"><img loading=\"lazy\" decoding=\"async\" class=\"aligncenter size-medium wp-image-650\" title=\"20101019_001\" src=\"https:\/\/www.thelins.se\/lisa\/blog\/wp-content\/uploads\/2010\/10\/20101019_001-168x300.jpg\" alt=\"\" width=\"168\" height=\"300\" srcset=\"https:\/\/www.thelins.se\/lisa\/blog\/wp-content\/uploads\/2010\/10\/20101019_001-168x300.jpg 168w, https:\/\/www.thelins.se\/lisa\/blog\/wp-content\/uploads\/2010\/10\/20101019_001-576x1024.jpg 576w, https:\/\/www.thelins.se\/lisa\/blog\/wp-content\/uploads\/2010\/10\/20101019_001-84x150.jpg 84w, https:\/\/www.thelins.se\/lisa\/blog\/wp-content\/uploads\/2010\/10\/20101019_001.jpg 1440w\" sizes=\"auto, (max-width: 168px) 100vw, 168px\" \/><\/a><\/p>\n<p>\/L<\/p>\n","protected":false},"excerpt":{"rendered":"<p>Hej alla, Nu \u00e4r jag s\u00e5 l\u00e5ng att jag kan h\u00e5lla mig i handtaget i bilen. Mamma och pappa m\u00e5ste hj\u00e4lpa mig att f\u00e4lla ner det bara, men det g\u00f6r de om man ber sn\u00e4llt. \/L<\/p>\n","protected":false},"author":2,"featured_media":0,"comment_status":"closed","ping_status":"closed","sticky":false,"template":"","format":"standard","meta":{"footnotes":""},"categories":[1],"tags":[],"class_list":["post-649","post","type-post","status-publish","format-standard","hentry","category-uncategorized"],"_links":{"self":[{"href":"https:\/\/www.thelins.se\/lisa\/blog\/wp-json\/wp\/v2\/posts\/649","targetHints":{"allow":["GET"]}}],"collection":[{"href":"https:\/\/www.thelins.se\/lisa\/blog\/wp-json\/wp\/v2\/posts"}],"about":[{"href":"https:\/\/www.thelins.se\/lisa\/blog\/wp-json\/wp\/v2\/types\/post"}],"author":[{"embeddable":true,"href":"https:\/\/www.thelins.se\/lisa\/blog\/wp-json\/wp\/v2\/users\/2"}],"replies":[{"embeddable":true,"href":"https:\/\/www.thelins.se\/lisa\/blog\/wp-json\/wp\/v2\/comments?post=649"}],"version-history":[{"count":2,"href":"https:\/\/www.thelins.se\/lisa\/blog\/wp-json\/wp\/v2\/posts\/649\/revisions"}],"predecessor-version":[{"id":658,"href":"https:\/\/www.thelins.se\/lisa\/blog\/wp-json\/wp\/v2\/posts\/649\/revisions\/658"}],"wp:attachment":[{"href":"https:\/\/www.thelins.se\/lisa\/blog\/wp-json\/wp\/v2\/media?parent=649"}],"wp:term":[{"taxonomy":"category","embeddable":true,"href":"https:\/\/www.thelins.se\/lisa\/blog\/wp-json\/wp\/v2\/categories?post=649"},{"taxonomy":"post_tag","embeddable":true,"href":"https:\/\/www.thelins.se\/lisa\/blog\/wp-json\/wp\/v2\/tags?post=649"}],"curies":[{"name":"wp","href":"https:\/\/api.w.org\/{rel}","templated":true}]}}