{"id":646,"date":"2010-10-24T11:43:04","date_gmt":"2010-10-24T09:43:04","guid":{"rendered":"http:\/\/www.thelins.se\/lisa\/blog\/?p=646"},"modified":"2010-10-25T12:15:21","modified_gmt":"2010-10-25T10:15:21","slug":"nya-fotoljer","status":"publish","type":"post","link":"https:\/\/www.thelins.se\/lisa\/blog\/2010\/10\/nya-fotoljer\/","title":{"rendered":"Nya fot\u00f6ljer"},"content":{"rendered":"<p>Hej alla,<\/p>\n<p>Mamma och pappa har k\u00f6pt nya f\u00e5t\u00f6ljer och m\u00f6blerat om en massa. Det var roligt att packa upp fot\u00f6ljerna och skuva p\u00e5 benen.<\/p>\n<p>S\u00e5h\u00e4r sitter man i f\u00e5t\u00f6ljerna. Man kan hoppa ocks\u00e5, men det tycker inte mamma och pappa om.<\/p>\n<p><a href=\"https:\/\/www.thelins.se\/lisa\/blog\/wp-content\/uploads\/2010\/10\/20101006_002.jpg\"><img loading=\"lazy\" decoding=\"async\" class=\"aligncenter size-medium wp-image-647\" title=\"20101006_002\" src=\"https:\/\/www.thelins.se\/lisa\/blog\/wp-content\/uploads\/2010\/10\/20101006_002-300x168.jpg\" alt=\"\" width=\"300\" height=\"168\" srcset=\"https:\/\/www.thelins.se\/lisa\/blog\/wp-content\/uploads\/2010\/10\/20101006_002-300x168.jpg 300w, https:\/\/www.thelins.se\/lisa\/blog\/wp-content\/uploads\/2010\/10\/20101006_002-1024x576.jpg 1024w, https:\/\/www.thelins.se\/lisa\/blog\/wp-content\/uploads\/2010\/10\/20101006_002-150x84.jpg 150w\" sizes=\"auto, (max-width: 300px) 100vw, 300px\" \/><\/a><\/p>\n<p>\/L<\/p>\n","protected":false},"excerpt":{"rendered":"<p>Hej alla, Mamma och pappa har k\u00f6pt nya f\u00e5t\u00f6ljer och m\u00f6blerat om en massa. Det var roligt att packa upp fot\u00f6ljerna och skuva p\u00e5 benen. S\u00e5h\u00e4r sitter man i f\u00e5t\u00f6ljerna. Man kan hoppa ocks\u00e5, men det tycker inte mamma och pappa om. \/L<\/p>\n","protected":false},"author":2,"featured_media":0,"comment_status":"closed","ping_status":"closed","sticky":false,"template":"","format":"standard","meta":{"footnotes":""},"categories":[1],"tags":[],"class_list":["post-646","post","type-post","status-publish","format-standard","hentry","category-uncategorized"],"_links":{"self":[{"href":"https:\/\/www.thelins.se\/lisa\/blog\/wp-json\/wp\/v2\/posts\/646","targetHints":{"allow":["GET"]}}],"collection":[{"href":"https:\/\/www.thelins.se\/lisa\/blog\/wp-json\/wp\/v2\/posts"}],"about":[{"href":"https:\/\/www.thelins.se\/lisa\/blog\/wp-json\/wp\/v2\/types\/post"}],"author":[{"embeddable":true,"href":"https:\/\/www.thelins.se\/lisa\/blog\/wp-json\/wp\/v2\/users\/2"}],"replies":[{"embeddable":true,"href":"https:\/\/www.thelins.se\/lisa\/blog\/wp-json\/wp\/v2\/comments?post=646"}],"version-history":[{"count":3,"href":"https:\/\/www.thelins.se\/lisa\/blog\/wp-json\/wp\/v2\/posts\/646\/revisions"}],"predecessor-version":[{"id":669,"href":"https:\/\/www.thelins.se\/lisa\/blog\/wp-json\/wp\/v2\/posts\/646\/revisions\/669"}],"wp:attachment":[{"href":"https:\/\/www.thelins.se\/lisa\/blog\/wp-json\/wp\/v2\/media?parent=646"}],"wp:term":[{"taxonomy":"category","embeddable":true,"href":"https:\/\/www.thelins.se\/lisa\/blog\/wp-json\/wp\/v2\/categories?post=646"},{"taxonomy":"post_tag","embeddable":true,"href":"https:\/\/www.thelins.se\/lisa\/blog\/wp-json\/wp\/v2\/tags?post=646"}],"curies":[{"name":"wp","href":"https:\/\/api.w.org\/{rel}","templated":true}]}}