{"id":617,"date":"2010-10-05T07:35:22","date_gmt":"2010-10-05T05:35:22","guid":{"rendered":"http:\/\/www.thelins.se\/lisa\/blog\/?p=617"},"modified":"2010-10-04T07:36:33","modified_gmt":"2010-10-04T05:36:33","slug":"vilse-i-kladaffaren","status":"publish","type":"post","link":"https:\/\/www.thelins.se\/lisa\/blog\/2010\/10\/vilse-i-kladaffaren\/","title":{"rendered":"Vilse i kl\u00e4daff\u00e4ren"},"content":{"rendered":"<p>Hej alla,<\/p>\n<p>Pappa och mamma skulle handla kl\u00e4der h\u00e4romdagen. D\u00e5 snurrade de p\u00e5 en st\u00e4llning med tr\u00f6jorn och jag sprang med. N\u00e4r de slutade snurra s\u00e5 hittade jag inte ut l\u00e4ngre. Tur att pappa hittade mig!<\/p>\n<p><a href=\"https:\/\/www.thelins.se\/lisa\/blog\/wp-content\/uploads\/2010\/10\/DSC00013.jpg\"><img loading=\"lazy\" decoding=\"async\" class=\"aligncenter size-medium wp-image-618\" title=\"DSC00013\" src=\"https:\/\/www.thelins.se\/lisa\/blog\/wp-content\/uploads\/2010\/10\/DSC00013-225x300.jpg\" alt=\"\" width=\"225\" height=\"300\" srcset=\"https:\/\/www.thelins.se\/lisa\/blog\/wp-content\/uploads\/2010\/10\/DSC00013-225x300.jpg 225w, https:\/\/www.thelins.se\/lisa\/blog\/wp-content\/uploads\/2010\/10\/DSC00013-112x150.jpg 112w, https:\/\/www.thelins.se\/lisa\/blog\/wp-content\/uploads\/2010\/10\/DSC00013.jpg 768w\" sizes=\"auto, (max-width: 225px) 100vw, 225px\" \/><\/a><\/p>\n<p>\/L<\/p>\n","protected":false},"excerpt":{"rendered":"<p>Hej alla, Pappa och mamma skulle handla kl\u00e4der h\u00e4romdagen. D\u00e5 snurrade de p\u00e5 en st\u00e4llning med tr\u00f6jorn och jag sprang med. N\u00e4r de slutade snurra s\u00e5 hittade jag inte ut l\u00e4ngre. Tur att pappa hittade mig! \/L<\/p>\n","protected":false},"author":2,"featured_media":0,"comment_status":"closed","ping_status":"closed","sticky":false,"template":"","format":"standard","meta":{"footnotes":""},"categories":[1],"tags":[],"class_list":["post-617","post","type-post","status-publish","format-standard","hentry","category-uncategorized"],"_links":{"self":[{"href":"https:\/\/www.thelins.se\/lisa\/blog\/wp-json\/wp\/v2\/posts\/617","targetHints":{"allow":["GET"]}}],"collection":[{"href":"https:\/\/www.thelins.se\/lisa\/blog\/wp-json\/wp\/v2\/posts"}],"about":[{"href":"https:\/\/www.thelins.se\/lisa\/blog\/wp-json\/wp\/v2\/types\/post"}],"author":[{"embeddable":true,"href":"https:\/\/www.thelins.se\/lisa\/blog\/wp-json\/wp\/v2\/users\/2"}],"replies":[{"embeddable":true,"href":"https:\/\/www.thelins.se\/lisa\/blog\/wp-json\/wp\/v2\/comments?post=617"}],"version-history":[{"count":2,"href":"https:\/\/www.thelins.se\/lisa\/blog\/wp-json\/wp\/v2\/posts\/617\/revisions"}],"predecessor-version":[{"id":624,"href":"https:\/\/www.thelins.se\/lisa\/blog\/wp-json\/wp\/v2\/posts\/617\/revisions\/624"}],"wp:attachment":[{"href":"https:\/\/www.thelins.se\/lisa\/blog\/wp-json\/wp\/v2\/media?parent=617"}],"wp:term":[{"taxonomy":"category","embeddable":true,"href":"https:\/\/www.thelins.se\/lisa\/blog\/wp-json\/wp\/v2\/categories?post=617"},{"taxonomy":"post_tag","embeddable":true,"href":"https:\/\/www.thelins.se\/lisa\/blog\/wp-json\/wp\/v2\/tags?post=617"}],"curies":[{"name":"wp","href":"https:\/\/api.w.org\/{rel}","templated":true}]}}