{"id":6,"date":"2008-08-06T12:52:00","date_gmt":"2008-08-06T10:52:00","guid":{"rendered":"http:\/\/www.thelins.se\/lisa\/blog\/2008\/08\/italien\/"},"modified":"2008-08-06T12:52:00","modified_gmt":"2008-08-06T10:52:00","slug":"italien","status":"publish","type":"post","link":"https:\/\/www.thelins.se\/lisa\/blog\/2008\/08\/italien\/","title":{"rendered":">Italien"},"content":{"rendered":"<p>>Hej alla,<\/p>\n<p>Tidigare i veckan fick jag ett paket fr\u00e5n min italienska kontakt. Eftersom jag vill h\u00e5lla mig ajour med modets nycker, s\u00e5 ser jag till att ha kontakter p\u00e5 st\u00e4llena som r\u00e4knas. Veckans kap var en kl\u00e4nning med matchande trosor. Rosa och vitt \u00e4r ju aldrig fel.<\/p>\n<p><a onblur=\"try {parent.deselectBloggerImageGracefully();} catch(e) {}\" href=\"https:\/\/www.thelins.se\/lisa\/blog\/uploaded_images\/DSC00587-702503.jpg\"><img decoding=\"async\" style=\"margin: 0px auto 10px; display: block; text-align: center; cursor: pointer;\" src=\"https:\/\/www.thelins.se\/lisa\/blog\/uploaded_images\/DSC00587-702496.jpg\" alt=\"\" border=\"0\" \/><\/a><br \/>\/Lisa<\/p>\n","protected":false},"excerpt":{"rendered":"<p>>Hej alla, Tidigare i veckan fick jag ett paket fr\u00e5n min italienska kontakt. Eftersom jag vill h\u00e5lla mig ajour med modets nycker, s\u00e5 ser jag till att ha kontakter p\u00e5 st\u00e4llena som r\u00e4knas. Veckans kap var en kl\u00e4nning med matchande trosor. Rosa och vitt \u00e4r ju aldrig fel. \/Lisa<\/p>\n","protected":false},"author":2,"featured_media":0,"comment_status":"closed","ping_status":"closed","sticky":false,"template":"","format":"standard","meta":{"footnotes":""},"categories":[1],"tags":[],"class_list":["post-6","post","type-post","status-publish","format-standard","hentry","category-uncategorized"],"_links":{"self":[{"href":"https:\/\/www.thelins.se\/lisa\/blog\/wp-json\/wp\/v2\/posts\/6","targetHints":{"allow":["GET"]}}],"collection":[{"href":"https:\/\/www.thelins.se\/lisa\/blog\/wp-json\/wp\/v2\/posts"}],"about":[{"href":"https:\/\/www.thelins.se\/lisa\/blog\/wp-json\/wp\/v2\/types\/post"}],"author":[{"embeddable":true,"href":"https:\/\/www.thelins.se\/lisa\/blog\/wp-json\/wp\/v2\/users\/2"}],"replies":[{"embeddable":true,"href":"https:\/\/www.thelins.se\/lisa\/blog\/wp-json\/wp\/v2\/comments?post=6"}],"version-history":[{"count":0,"href":"https:\/\/www.thelins.se\/lisa\/blog\/wp-json\/wp\/v2\/posts\/6\/revisions"}],"wp:attachment":[{"href":"https:\/\/www.thelins.se\/lisa\/blog\/wp-json\/wp\/v2\/media?parent=6"}],"wp:term":[{"taxonomy":"category","embeddable":true,"href":"https:\/\/www.thelins.se\/lisa\/blog\/wp-json\/wp\/v2\/categories?post=6"},{"taxonomy":"post_tag","embeddable":true,"href":"https:\/\/www.thelins.se\/lisa\/blog\/wp-json\/wp\/v2\/tags?post=6"}],"curies":[{"name":"wp","href":"https:\/\/api.w.org\/{rel}","templated":true}]}}