{"id":590,"date":"2010-08-30T14:42:42","date_gmt":"2010-08-30T12:42:42","guid":{"rendered":"http:\/\/www.thelins.se\/lisa\/blog\/?p=590"},"modified":"2010-08-19T14:43:35","modified_gmt":"2010-08-19T12:43:35","slug":"klattertrad","status":"publish","type":"post","link":"https:\/\/www.thelins.se\/lisa\/blog\/2010\/08\/klattertrad\/","title":{"rendered":"Kl\u00e4ttertr\u00e4d"},"content":{"rendered":"<p>Hej alla,<\/p>\n<p>N\u00e5got som \u00e4r roligt, men lite l\u00e4skigt, \u00e4r att kl\u00e4ttra i tr\u00e4d. Det \u00e4r tur att man har n\u00e5gon att h\u00e5lla i handen ocks\u00e5.<\/p>\n<p><a href=\"https:\/\/www.thelins.se\/lisa\/blog\/wp-content\/uploads\/2010\/08\/DSC00391.jpg\"><img loading=\"lazy\" decoding=\"async\" class=\"aligncenter size-medium wp-image-591\" title=\"DSC00391\" src=\"https:\/\/www.thelins.se\/lisa\/blog\/wp-content\/uploads\/2010\/08\/DSC00391-225x300.jpg\" alt=\"\" width=\"225\" height=\"300\" srcset=\"https:\/\/www.thelins.se\/lisa\/blog\/wp-content\/uploads\/2010\/08\/DSC00391-225x300.jpg 225w, https:\/\/www.thelins.se\/lisa\/blog\/wp-content\/uploads\/2010\/08\/DSC00391-112x150.jpg 112w, https:\/\/www.thelins.se\/lisa\/blog\/wp-content\/uploads\/2010\/08\/DSC00391.jpg 768w\" sizes=\"auto, (max-width: 225px) 100vw, 225px\" \/><\/a><\/p>\n<p>\/L<\/p>\n","protected":false},"excerpt":{"rendered":"<p>Hej alla, N\u00e5got som \u00e4r roligt, men lite l\u00e4skigt, \u00e4r att kl\u00e4ttra i tr\u00e4d. Det \u00e4r tur att man har n\u00e5gon att h\u00e5lla i handen ocks\u00e5. \/L<\/p>\n","protected":false},"author":2,"featured_media":0,"comment_status":"closed","ping_status":"closed","sticky":false,"template":"","format":"standard","meta":{"footnotes":""},"categories":[1],"tags":[],"class_list":["post-590","post","type-post","status-publish","format-standard","hentry","category-uncategorized"],"_links":{"self":[{"href":"https:\/\/www.thelins.se\/lisa\/blog\/wp-json\/wp\/v2\/posts\/590","targetHints":{"allow":["GET"]}}],"collection":[{"href":"https:\/\/www.thelins.se\/lisa\/blog\/wp-json\/wp\/v2\/posts"}],"about":[{"href":"https:\/\/www.thelins.se\/lisa\/blog\/wp-json\/wp\/v2\/types\/post"}],"author":[{"embeddable":true,"href":"https:\/\/www.thelins.se\/lisa\/blog\/wp-json\/wp\/v2\/users\/2"}],"replies":[{"embeddable":true,"href":"https:\/\/www.thelins.se\/lisa\/blog\/wp-json\/wp\/v2\/comments?post=590"}],"version-history":[{"count":2,"href":"https:\/\/www.thelins.se\/lisa\/blog\/wp-json\/wp\/v2\/posts\/590\/revisions"}],"predecessor-version":[{"id":593,"href":"https:\/\/www.thelins.se\/lisa\/blog\/wp-json\/wp\/v2\/posts\/590\/revisions\/593"}],"wp:attachment":[{"href":"https:\/\/www.thelins.se\/lisa\/blog\/wp-json\/wp\/v2\/media?parent=590"}],"wp:term":[{"taxonomy":"category","embeddable":true,"href":"https:\/\/www.thelins.se\/lisa\/blog\/wp-json\/wp\/v2\/categories?post=590"},{"taxonomy":"post_tag","embeddable":true,"href":"https:\/\/www.thelins.se\/lisa\/blog\/wp-json\/wp\/v2\/tags?post=590"}],"curies":[{"name":"wp","href":"https:\/\/api.w.org\/{rel}","templated":true}]}}