{"id":585,"date":"2010-08-28T14:38:54","date_gmt":"2010-08-28T12:38:54","guid":{"rendered":"http:\/\/www.thelins.se\/lisa\/blog\/?p=585"},"modified":"2010-08-19T14:40:26","modified_gmt":"2010-08-19T12:40:26","slug":"ko","status":"publish","type":"post","link":"https:\/\/www.thelins.se\/lisa\/blog\/2010\/08\/ko\/","title":{"rendered":"K\u00f6"},"content":{"rendered":"<p>Hej alla,<\/p>\n<p>Ibland s\u00e5 sitter mamma iv\u00e4gen n\u00e4r jag vill se p\u00e5 f\u00e5ret shaun. Jag tycker att hon kan betala r\u00e4kningar n\u00e4r jag sover<\/p>\n<p><a href=\"https:\/\/www.thelins.se\/lisa\/blog\/wp-content\/uploads\/2010\/08\/DSC00309.jpg\"><img loading=\"lazy\" decoding=\"async\" class=\"aligncenter size-medium wp-image-587\" title=\"DSC00309\" src=\"https:\/\/www.thelins.se\/lisa\/blog\/wp-content\/uploads\/2010\/08\/DSC00309-300x225.jpg\" alt=\"\" width=\"300\" height=\"225\" srcset=\"https:\/\/www.thelins.se\/lisa\/blog\/wp-content\/uploads\/2010\/08\/DSC00309-300x225.jpg 300w, https:\/\/www.thelins.se\/lisa\/blog\/wp-content\/uploads\/2010\/08\/DSC00309-150x112.jpg 150w, https:\/\/www.thelins.se\/lisa\/blog\/wp-content\/uploads\/2010\/08\/DSC00309.jpg 1024w\" sizes=\"auto, (max-width: 300px) 100vw, 300px\" \/><\/a><\/p>\n<p>Om hon inte flyttar p\u00e5 sig s\u00e5 f\u00e5r man s\u00e4tta sig och v\u00e4nta l\u00e4ngst bak i k\u00f6n.<\/p>\n<p><a href=\"https:\/\/www.thelins.se\/lisa\/blog\/wp-content\/uploads\/2010\/08\/DSC00307.jpg\"><img loading=\"lazy\" decoding=\"async\" class=\"aligncenter size-medium wp-image-586\" title=\"DSC00307\" src=\"https:\/\/www.thelins.se\/lisa\/blog\/wp-content\/uploads\/2010\/08\/DSC00307-300x225.jpg\" alt=\"\" width=\"300\" height=\"225\" srcset=\"https:\/\/www.thelins.se\/lisa\/blog\/wp-content\/uploads\/2010\/08\/DSC00307-300x225.jpg 300w, https:\/\/www.thelins.se\/lisa\/blog\/wp-content\/uploads\/2010\/08\/DSC00307-150x112.jpg 150w, https:\/\/www.thelins.se\/lisa\/blog\/wp-content\/uploads\/2010\/08\/DSC00307.jpg 1024w\" sizes=\"auto, (max-width: 300px) 100vw, 300px\" \/><\/a><\/p>\n<p>\/L<\/p>\n","protected":false},"excerpt":{"rendered":"<p>Hej alla, Ibland s\u00e5 sitter mamma iv\u00e4gen n\u00e4r jag vill se p\u00e5 f\u00e5ret shaun. Jag tycker att hon kan betala r\u00e4kningar n\u00e4r jag sover Om hon inte flyttar p\u00e5 sig s\u00e5 f\u00e5r man s\u00e4tta sig och v\u00e4nta l\u00e4ngst bak i k\u00f6n. \/L<\/p>\n","protected":false},"author":2,"featured_media":0,"comment_status":"closed","ping_status":"closed","sticky":false,"template":"","format":"standard","meta":{"footnotes":""},"categories":[1],"tags":[],"class_list":["post-585","post","type-post","status-publish","format-standard","hentry","category-uncategorized"],"_links":{"self":[{"href":"https:\/\/www.thelins.se\/lisa\/blog\/wp-json\/wp\/v2\/posts\/585","targetHints":{"allow":["GET"]}}],"collection":[{"href":"https:\/\/www.thelins.se\/lisa\/blog\/wp-json\/wp\/v2\/posts"}],"about":[{"href":"https:\/\/www.thelins.se\/lisa\/blog\/wp-json\/wp\/v2\/types\/post"}],"author":[{"embeddable":true,"href":"https:\/\/www.thelins.se\/lisa\/blog\/wp-json\/wp\/v2\/users\/2"}],"replies":[{"embeddable":true,"href":"https:\/\/www.thelins.se\/lisa\/blog\/wp-json\/wp\/v2\/comments?post=585"}],"version-history":[{"count":1,"href":"https:\/\/www.thelins.se\/lisa\/blog\/wp-json\/wp\/v2\/posts\/585\/revisions"}],"predecessor-version":[{"id":588,"href":"https:\/\/www.thelins.se\/lisa\/blog\/wp-json\/wp\/v2\/posts\/585\/revisions\/588"}],"wp:attachment":[{"href":"https:\/\/www.thelins.se\/lisa\/blog\/wp-json\/wp\/v2\/media?parent=585"}],"wp:term":[{"taxonomy":"category","embeddable":true,"href":"https:\/\/www.thelins.se\/lisa\/blog\/wp-json\/wp\/v2\/categories?post=585"},{"taxonomy":"post_tag","embeddable":true,"href":"https:\/\/www.thelins.se\/lisa\/blog\/wp-json\/wp\/v2\/tags?post=585"}],"curies":[{"name":"wp","href":"https:\/\/api.w.org\/{rel}","templated":true}]}}