{"id":5,"date":"2008-07-31T23:46:00","date_gmt":"2008-07-31T21:46:00","guid":{"rendered":"http:\/\/www.thelins.se\/lisa\/blog\/2008\/07\/dags-for-lite-kort\/"},"modified":"2008-07-31T23:46:00","modified_gmt":"2008-07-31T21:46:00","slug":"dags-for-lite-kort","status":"publish","type":"post","link":"https:\/\/www.thelins.se\/lisa\/blog\/2008\/07\/dags-for-lite-kort\/","title":{"rendered":">Dags f\u00f6r lite kort"},"content":{"rendered":"<p>>Hej alla,<\/p>\n<p>T\u00e4nkte bara kolla hur det fungerar med kort och s\u00e5nt p\u00e5 det h\u00e4r st\u00e4llet. Skickar en bild fr\u00e5n n\u00e4r jag var p\u00e5 stranden.<\/p>\n<p><a onblur=\"try {parent.deselectBloggerImageGracefully();} catch(e) {}\" href=\"https:\/\/www.thelins.se\/lisa\/blog\/uploaded_images\/P7050029-706478.JPG\"><img decoding=\"async\" style=\"margin: 0px auto 10px; display: block; text-align: center; cursor: pointer;\" src=\"https:\/\/www.thelins.se\/lisa\/blog\/uploaded_images\/P7050029-705111.JPG\" alt=\"\" border=\"0\" \/><\/a><br \/>\/Lisa<\/p>\n","protected":false},"excerpt":{"rendered":"<p>>Hej alla, T\u00e4nkte bara kolla hur det fungerar med kort och s\u00e5nt p\u00e5 det h\u00e4r st\u00e4llet. Skickar en bild fr\u00e5n n\u00e4r jag var p\u00e5 stranden. \/Lisa<\/p>\n","protected":false},"author":2,"featured_media":0,"comment_status":"closed","ping_status":"closed","sticky":false,"template":"","format":"standard","meta":{"footnotes":""},"categories":[1],"tags":[],"class_list":["post-5","post","type-post","status-publish","format-standard","hentry","category-uncategorized"],"_links":{"self":[{"href":"https:\/\/www.thelins.se\/lisa\/blog\/wp-json\/wp\/v2\/posts\/5","targetHints":{"allow":["GET"]}}],"collection":[{"href":"https:\/\/www.thelins.se\/lisa\/blog\/wp-json\/wp\/v2\/posts"}],"about":[{"href":"https:\/\/www.thelins.se\/lisa\/blog\/wp-json\/wp\/v2\/types\/post"}],"author":[{"embeddable":true,"href":"https:\/\/www.thelins.se\/lisa\/blog\/wp-json\/wp\/v2\/users\/2"}],"replies":[{"embeddable":true,"href":"https:\/\/www.thelins.se\/lisa\/blog\/wp-json\/wp\/v2\/comments?post=5"}],"version-history":[{"count":0,"href":"https:\/\/www.thelins.se\/lisa\/blog\/wp-json\/wp\/v2\/posts\/5\/revisions"}],"wp:attachment":[{"href":"https:\/\/www.thelins.se\/lisa\/blog\/wp-json\/wp\/v2\/media?parent=5"}],"wp:term":[{"taxonomy":"category","embeddable":true,"href":"https:\/\/www.thelins.se\/lisa\/blog\/wp-json\/wp\/v2\/categories?post=5"},{"taxonomy":"post_tag","embeddable":true,"href":"https:\/\/www.thelins.se\/lisa\/blog\/wp-json\/wp\/v2\/tags?post=5"}],"curies":[{"name":"wp","href":"https:\/\/api.w.org\/{rel}","templated":true}]}}