{"id":484,"date":"2010-07-17T12:21:27","date_gmt":"2010-07-17T10:21:27","guid":{"rendered":"http:\/\/www.thelins.se\/lisa\/blog\/?p=484"},"modified":"2010-07-15T14:24:09","modified_gmt":"2010-07-15T12:24:09","slug":"langa-fingrar","status":"publish","type":"post","link":"https:\/\/www.thelins.se\/lisa\/blog\/2010\/07\/langa-fingrar\/","title":{"rendered":"L\u00e5nga fingrar"},"content":{"rendered":"<p>Hej alla,<\/p>\n<p>N\u00e4r jag och mamma ritade s\u00e5 hittade jag p\u00e5 ett bus. Man kan s\u00e4tta alla korkar p\u00e5 fingrarna s\u00e5 f\u00e5r man j\u00e4ttel\u00e5nga fingrar. Kul!<\/p>\n<p><a href=\"https:\/\/www.thelins.se\/lisa\/blog\/wp-content\/uploads\/2010\/07\/P1010445.jpg\"><img loading=\"lazy\" decoding=\"async\" class=\"aligncenter size-medium wp-image-485\" title=\"P1010445\" src=\"https:\/\/www.thelins.se\/lisa\/blog\/wp-content\/uploads\/2010\/07\/P1010445-300x225.jpg\" alt=\"\" width=\"300\" height=\"225\" srcset=\"https:\/\/www.thelins.se\/lisa\/blog\/wp-content\/uploads\/2010\/07\/P1010445-300x225.jpg 300w, https:\/\/www.thelins.se\/lisa\/blog\/wp-content\/uploads\/2010\/07\/P1010445-150x112.jpg 150w, https:\/\/www.thelins.se\/lisa\/blog\/wp-content\/uploads\/2010\/07\/P1010445.jpg 1024w\" sizes=\"auto, (max-width: 300px) 100vw, 300px\" \/><\/a><\/p>\n<p>\/L<\/p>\n","protected":false},"excerpt":{"rendered":"<p>Hej alla, N\u00e4r jag och mamma ritade s\u00e5 hittade jag p\u00e5 ett bus. Man kan s\u00e4tta alla korkar p\u00e5 fingrarna s\u00e5 f\u00e5r man j\u00e4ttel\u00e5nga fingrar. Kul! \/L<\/p>\n","protected":false},"author":2,"featured_media":0,"comment_status":"closed","ping_status":"closed","sticky":false,"template":"","format":"standard","meta":{"footnotes":""},"categories":[1],"tags":[],"class_list":["post-484","post","type-post","status-publish","format-standard","hentry","category-uncategorized"],"_links":{"self":[{"href":"https:\/\/www.thelins.se\/lisa\/blog\/wp-json\/wp\/v2\/posts\/484","targetHints":{"allow":["GET"]}}],"collection":[{"href":"https:\/\/www.thelins.se\/lisa\/blog\/wp-json\/wp\/v2\/posts"}],"about":[{"href":"https:\/\/www.thelins.se\/lisa\/blog\/wp-json\/wp\/v2\/types\/post"}],"author":[{"embeddable":true,"href":"https:\/\/www.thelins.se\/lisa\/blog\/wp-json\/wp\/v2\/users\/2"}],"replies":[{"embeddable":true,"href":"https:\/\/www.thelins.se\/lisa\/blog\/wp-json\/wp\/v2\/comments?post=484"}],"version-history":[{"count":1,"href":"https:\/\/www.thelins.se\/lisa\/blog\/wp-json\/wp\/v2\/posts\/484\/revisions"}],"predecessor-version":[{"id":489,"href":"https:\/\/www.thelins.se\/lisa\/blog\/wp-json\/wp\/v2\/posts\/484\/revisions\/489"}],"wp:attachment":[{"href":"https:\/\/www.thelins.se\/lisa\/blog\/wp-json\/wp\/v2\/media?parent=484"}],"wp:term":[{"taxonomy":"category","embeddable":true,"href":"https:\/\/www.thelins.se\/lisa\/blog\/wp-json\/wp\/v2\/categories?post=484"},{"taxonomy":"post_tag","embeddable":true,"href":"https:\/\/www.thelins.se\/lisa\/blog\/wp-json\/wp\/v2\/tags?post=484"}],"curies":[{"name":"wp","href":"https:\/\/api.w.org\/{rel}","templated":true}]}}