{"id":407,"date":"2010-06-26T10:42:48","date_gmt":"2010-06-26T08:42:48","guid":{"rendered":"http:\/\/www.thelins.se\/lisa\/blog\/?p=407"},"modified":"2010-06-15T10:53:38","modified_gmt":"2010-06-15T08:53:38","slug":"stockholm-och-hem-igen","status":"publish","type":"post","link":"https:\/\/www.thelins.se\/lisa\/blog\/2010\/06\/stockholm-och-hem-igen\/","title":{"rendered":"Stockholm &#8211; och hem igen"},"content":{"rendered":"<p>Hej alla,<\/p>\n<p>P\u00e5 Skansen somnade jag till lite. Det var m\u00e5nga djur d\u00e4r. Mamma, pappa och farmor passade p\u00e5 att \u00e4ta en glass medan jag vilade upp mig.<\/p>\n<p><a href=\"https:\/\/www.thelins.se\/lisa\/blog\/wp-content\/uploads\/2010\/06\/P1010036.jpg\"><img loading=\"lazy\" decoding=\"async\" class=\"aligncenter size-medium wp-image-404\" title=\"P1010036\" src=\"https:\/\/www.thelins.se\/lisa\/blog\/wp-content\/uploads\/2010\/06\/P1010036-225x300.jpg\" alt=\"\" width=\"225\" height=\"300\" srcset=\"https:\/\/www.thelins.se\/lisa\/blog\/wp-content\/uploads\/2010\/06\/P1010036-225x300.jpg 225w, https:\/\/www.thelins.se\/lisa\/blog\/wp-content\/uploads\/2010\/06\/P1010036-112x150.jpg 112w, https:\/\/www.thelins.se\/lisa\/blog\/wp-content\/uploads\/2010\/06\/P1010036.jpg 768w\" sizes=\"auto, (max-width: 225px) 100vw, 225px\" \/><\/a><\/p>\n<p>Sedan \u00e5kte vi hem med t\u00e5get. Den h\u00e4r g\u00e5ngen hade vi bord som man f\u00e4llde ut fr\u00e5n stolarna, men det gick bra att pussla p\u00e5 dem \u00e4nd\u00e5.<\/p>\n<p><a href=\"https:\/\/www.thelins.se\/lisa\/blog\/wp-content\/uploads\/2010\/06\/P1010036.jpg\"><\/a><a href=\"https:\/\/www.thelins.se\/lisa\/blog\/wp-content\/uploads\/2010\/06\/P1010037.jpg\"><img loading=\"lazy\" decoding=\"async\" class=\"aligncenter size-medium wp-image-405\" title=\"P1010037\" src=\"https:\/\/www.thelins.se\/lisa\/blog\/wp-content\/uploads\/2010\/06\/P1010037-300x225.jpg\" alt=\"\" width=\"300\" height=\"225\" srcset=\"https:\/\/www.thelins.se\/lisa\/blog\/wp-content\/uploads\/2010\/06\/P1010037-300x225.jpg 300w, https:\/\/www.thelins.se\/lisa\/blog\/wp-content\/uploads\/2010\/06\/P1010037-150x112.jpg 150w, https:\/\/www.thelins.se\/lisa\/blog\/wp-content\/uploads\/2010\/06\/P1010037.jpg 1024w\" sizes=\"auto, (max-width: 300px) 100vw, 300px\" \/><\/a><\/p>\n<p>En rolig sak med att sitta p\u00e5 flera rader var att jag kunde kl\u00e4ttra mellan dem. Jag undrar varf\u00f6r alla g\u00e5r i g\u00e5ngen i mitten &#8211; det \u00e4r ju mycket roligare att kl\u00e4ttra \u00f6ver ryggst\u00f6den!<\/p>\n<p><a href=\"https:\/\/www.thelins.se\/lisa\/blog\/wp-content\/uploads\/2010\/06\/P1010037.jpg\"><\/a><a href=\"https:\/\/www.thelins.se\/lisa\/blog\/wp-content\/uploads\/2010\/06\/P1010041.jpg\"><img loading=\"lazy\" decoding=\"async\" class=\"aligncenter size-medium wp-image-406\" title=\"P1010041\" src=\"https:\/\/www.thelins.se\/lisa\/blog\/wp-content\/uploads\/2010\/06\/P1010041-300x225.jpg\" alt=\"\" width=\"300\" height=\"225\" srcset=\"https:\/\/www.thelins.se\/lisa\/blog\/wp-content\/uploads\/2010\/06\/P1010041-300x225.jpg 300w, https:\/\/www.thelins.se\/lisa\/blog\/wp-content\/uploads\/2010\/06\/P1010041-150x112.jpg 150w, https:\/\/www.thelins.se\/lisa\/blog\/wp-content\/uploads\/2010\/06\/P1010041.jpg 1024w\" sizes=\"auto, (max-width: 300px) 100vw, 300px\" \/><\/a><\/p>\n<p>\/L<\/p>\n","protected":false},"excerpt":{"rendered":"<p>Hej alla, P\u00e5 Skansen somnade jag till lite. Det var m\u00e5nga djur d\u00e4r. Mamma, pappa och farmor passade p\u00e5 att \u00e4ta en glass medan jag vilade upp mig. Sedan \u00e5kte vi hem med t\u00e5get. Den h\u00e4r g\u00e5ngen hade vi bord som man f\u00e4llde ut fr\u00e5n stolarna, men det gick bra att pussla p\u00e5 dem \u00e4nd\u00e5.&hellip;<\/p>\n","protected":false},"author":2,"featured_media":0,"comment_status":"closed","ping_status":"closed","sticky":false,"template":"","format":"standard","meta":{"footnotes":""},"categories":[1],"tags":[],"class_list":["post-407","post","type-post","status-publish","format-standard","hentry","category-uncategorized"],"_links":{"self":[{"href":"https:\/\/www.thelins.se\/lisa\/blog\/wp-json\/wp\/v2\/posts\/407","targetHints":{"allow":["GET"]}}],"collection":[{"href":"https:\/\/www.thelins.se\/lisa\/blog\/wp-json\/wp\/v2\/posts"}],"about":[{"href":"https:\/\/www.thelins.se\/lisa\/blog\/wp-json\/wp\/v2\/types\/post"}],"author":[{"embeddable":true,"href":"https:\/\/www.thelins.se\/lisa\/blog\/wp-json\/wp\/v2\/users\/2"}],"replies":[{"embeddable":true,"href":"https:\/\/www.thelins.se\/lisa\/blog\/wp-json\/wp\/v2\/comments?post=407"}],"version-history":[{"count":2,"href":"https:\/\/www.thelins.se\/lisa\/blog\/wp-json\/wp\/v2\/posts\/407\/revisions"}],"predecessor-version":[{"id":416,"href":"https:\/\/www.thelins.se\/lisa\/blog\/wp-json\/wp\/v2\/posts\/407\/revisions\/416"}],"wp:attachment":[{"href":"https:\/\/www.thelins.se\/lisa\/blog\/wp-json\/wp\/v2\/media?parent=407"}],"wp:term":[{"taxonomy":"category","embeddable":true,"href":"https:\/\/www.thelins.se\/lisa\/blog\/wp-json\/wp\/v2\/categories?post=407"},{"taxonomy":"post_tag","embeddable":true,"href":"https:\/\/www.thelins.se\/lisa\/blog\/wp-json\/wp\/v2\/tags?post=407"}],"curies":[{"name":"wp","href":"https:\/\/api.w.org\/{rel}","templated":true}]}}