{"id":4,"date":"2008-07-31T23:34:00","date_gmt":"2008-07-31T21:34:00","guid":{"rendered":"http:\/\/www.thelins.se\/lisa\/blog\/2008\/07\/facebook-bara-for-stora\/"},"modified":"2008-07-31T23:34:00","modified_gmt":"2008-07-31T21:34:00","slug":"facebook-bara-for-stora","status":"publish","type":"post","link":"https:\/\/www.thelins.se\/lisa\/blog\/2008\/07\/facebook-bara-for-stora\/","title":{"rendered":">Facebook &#8211; bara f\u00f6r stora?"},"content":{"rendered":"<p>>Hej,<\/p>\n<p>F\u00f6rs\u00f6kte registrera mig p\u00e5 Facebook idag s\u00e5 att jag kan koppla ihop mig med mina kompisar, men det gick inte. Tydligen m\u00e5ste man vara 13 \u00e5r f\u00f6r att f\u00e5 vara med. M\u00e5ste allts\u00e5 v\u00e4nta 12 och 3\/4 \u00e5r till&#8230; Tr\u00e5kigt tycker jag.<\/p>\n<p>\/Lisa<\/p>\n","protected":false},"excerpt":{"rendered":"<p>>Hej, F\u00f6rs\u00f6kte registrera mig p\u00e5 Facebook idag s\u00e5 att jag kan koppla ihop mig med mina kompisar, men det gick inte. Tydligen m\u00e5ste man vara 13 \u00e5r f\u00f6r att f\u00e5 vara med. M\u00e5ste allts\u00e5 v\u00e4nta 12 och 3\/4 \u00e5r till&#8230; Tr\u00e5kigt tycker jag. \/Lisa<\/p>\n","protected":false},"author":2,"featured_media":0,"comment_status":"closed","ping_status":"closed","sticky":false,"template":"","format":"standard","meta":{"footnotes":""},"categories":[1],"tags":[],"class_list":["post-4","post","type-post","status-publish","format-standard","hentry","category-uncategorized"],"_links":{"self":[{"href":"https:\/\/www.thelins.se\/lisa\/blog\/wp-json\/wp\/v2\/posts\/4","targetHints":{"allow":["GET"]}}],"collection":[{"href":"https:\/\/www.thelins.se\/lisa\/blog\/wp-json\/wp\/v2\/posts"}],"about":[{"href":"https:\/\/www.thelins.se\/lisa\/blog\/wp-json\/wp\/v2\/types\/post"}],"author":[{"embeddable":true,"href":"https:\/\/www.thelins.se\/lisa\/blog\/wp-json\/wp\/v2\/users\/2"}],"replies":[{"embeddable":true,"href":"https:\/\/www.thelins.se\/lisa\/blog\/wp-json\/wp\/v2\/comments?post=4"}],"version-history":[{"count":0,"href":"https:\/\/www.thelins.se\/lisa\/blog\/wp-json\/wp\/v2\/posts\/4\/revisions"}],"wp:attachment":[{"href":"https:\/\/www.thelins.se\/lisa\/blog\/wp-json\/wp\/v2\/media?parent=4"}],"wp:term":[{"taxonomy":"category","embeddable":true,"href":"https:\/\/www.thelins.se\/lisa\/blog\/wp-json\/wp\/v2\/categories?post=4"},{"taxonomy":"post_tag","embeddable":true,"href":"https:\/\/www.thelins.se\/lisa\/blog\/wp-json\/wp\/v2\/tags?post=4"}],"curies":[{"name":"wp","href":"https:\/\/api.w.org\/{rel}","templated":true}]}}