{"id":395,"date":"2010-06-24T10:42:46","date_gmt":"2010-06-24T08:42:46","guid":{"rendered":"http:\/\/www.thelins.se\/lisa\/blog\/?p=395"},"modified":"2010-06-15T10:50:12","modified_gmt":"2010-06-15T08:50:12","slug":"stockholm-pa-stan","status":"publish","type":"post","link":"https:\/\/www.thelins.se\/lisa\/blog\/2010\/06\/stockholm-pa-stan\/","title":{"rendered":"Stockholm &#8211; p\u00e5 stan"},"content":{"rendered":"<p>Hej alla,<\/p>\n<p>N\u00e4r vi hade firat Emma s\u00e5 \u00e5kte vi till hotellet och sov. N\u00e4sta dag tog vi tunnelbanan in till centrum. D\u00e4r \u00e5t vi glass. Farfar hade grapesorb\u00e9t &#8211; inte riktigt min grej. D\u00e5 var det b\u00e4ttre med pappas vaniljglass.<\/p>\n<p><a href=\"https:\/\/www.thelins.se\/lisa\/blog\/wp-content\/uploads\/2010\/06\/P1000989.jpg\"><img loading=\"lazy\" decoding=\"async\" class=\"aligncenter size-medium wp-image-392\" title=\"P1000989\" src=\"https:\/\/www.thelins.se\/lisa\/blog\/wp-content\/uploads\/2010\/06\/P1000989-300x225.jpg\" alt=\"\" width=\"300\" height=\"225\" srcset=\"https:\/\/www.thelins.se\/lisa\/blog\/wp-content\/uploads\/2010\/06\/P1000989-300x225.jpg 300w, https:\/\/www.thelins.se\/lisa\/blog\/wp-content\/uploads\/2010\/06\/P1000989-150x112.jpg 150w, https:\/\/www.thelins.se\/lisa\/blog\/wp-content\/uploads\/2010\/06\/P1000989.jpg 1024w\" sizes=\"auto, (max-width: 300px) 100vw, 300px\" \/><\/a><\/p>\n<p>N\u00e4r vi hade \u00e4tit glass och kollat p\u00e5 gamla hus (mamma k\u00f6pte julgranskulor ocks\u00e5) s\u00e5 tog vi en b\u00e5t till Djurg\u00e5rden.<\/p>\n<p><a href=\"https:\/\/www.thelins.se\/lisa\/blog\/wp-content\/uploads\/2010\/06\/P1000989.jpg\"><\/a><a href=\"https:\/\/www.thelins.se\/lisa\/blog\/wp-content\/uploads\/2010\/06\/P1000991.jpg\"><img loading=\"lazy\" decoding=\"async\" class=\"aligncenter size-medium wp-image-393\" title=\"P1000991\" src=\"https:\/\/www.thelins.se\/lisa\/blog\/wp-content\/uploads\/2010\/06\/P1000991-300x225.jpg\" alt=\"\" width=\"300\" height=\"225\" srcset=\"https:\/\/www.thelins.se\/lisa\/blog\/wp-content\/uploads\/2010\/06\/P1000991-300x225.jpg 300w, https:\/\/www.thelins.se\/lisa\/blog\/wp-content\/uploads\/2010\/06\/P1000991-150x112.jpg 150w, https:\/\/www.thelins.se\/lisa\/blog\/wp-content\/uploads\/2010\/06\/P1000991.jpg 1024w\" sizes=\"auto, (max-width: 300px) 100vw, 300px\" \/><\/a><\/p>\n<p>D\u00e4r s\u00e5 gick vi p\u00e5 Skansen. Vi \u00e5t lunch vid soliden-scenen och de spelade samma s\u00e5ng flera g\u00e5nger. Hoppas att de sjunger r\u00e4tt p\u00e5 TV.<\/p>\n<p><a href=\"https:\/\/www.thelins.se\/lisa\/blog\/wp-content\/uploads\/2010\/06\/P1000991.jpg\"><\/a><a href=\"https:\/\/www.thelins.se\/lisa\/blog\/wp-content\/uploads\/2010\/06\/P1000994.jpg\"><img loading=\"lazy\" decoding=\"async\" class=\"aligncenter size-medium wp-image-394\" title=\"P1000994\" src=\"https:\/\/www.thelins.se\/lisa\/blog\/wp-content\/uploads\/2010\/06\/P1000994-300x225.jpg\" alt=\"\" width=\"300\" height=\"225\" srcset=\"https:\/\/www.thelins.se\/lisa\/blog\/wp-content\/uploads\/2010\/06\/P1000994-300x225.jpg 300w, https:\/\/www.thelins.se\/lisa\/blog\/wp-content\/uploads\/2010\/06\/P1000994-150x112.jpg 150w, https:\/\/www.thelins.se\/lisa\/blog\/wp-content\/uploads\/2010\/06\/P1000994.jpg 1024w\" sizes=\"auto, (max-width: 300px) 100vw, 300px\" \/><\/a><\/p>\n<p>\/L<\/p>\n","protected":false},"excerpt":{"rendered":"<p>Hej alla, N\u00e4r vi hade firat Emma s\u00e5 \u00e5kte vi till hotellet och sov. N\u00e4sta dag tog vi tunnelbanan in till centrum. D\u00e4r \u00e5t vi glass. Farfar hade grapesorb\u00e9t &#8211; inte riktigt min grej. D\u00e5 var det b\u00e4ttre med pappas vaniljglass. N\u00e4r vi hade \u00e4tit glass och kollat p\u00e5 gamla hus (mamma k\u00f6pte julgranskulor ocks\u00e5)&hellip;<\/p>\n","protected":false},"author":2,"featured_media":0,"comment_status":"closed","ping_status":"closed","sticky":false,"template":"","format":"standard","meta":{"footnotes":""},"categories":[1],"tags":[],"class_list":["post-395","post","type-post","status-publish","format-standard","hentry","category-uncategorized"],"_links":{"self":[{"href":"https:\/\/www.thelins.se\/lisa\/blog\/wp-json\/wp\/v2\/posts\/395","targetHints":{"allow":["GET"]}}],"collection":[{"href":"https:\/\/www.thelins.se\/lisa\/blog\/wp-json\/wp\/v2\/posts"}],"about":[{"href":"https:\/\/www.thelins.se\/lisa\/blog\/wp-json\/wp\/v2\/types\/post"}],"author":[{"embeddable":true,"href":"https:\/\/www.thelins.se\/lisa\/blog\/wp-json\/wp\/v2\/users\/2"}],"replies":[{"embeddable":true,"href":"https:\/\/www.thelins.se\/lisa\/blog\/wp-json\/wp\/v2\/comments?post=395"}],"version-history":[{"count":2,"href":"https:\/\/www.thelins.se\/lisa\/blog\/wp-json\/wp\/v2\/posts\/395\/revisions"}],"predecessor-version":[{"id":414,"href":"https:\/\/www.thelins.se\/lisa\/blog\/wp-json\/wp\/v2\/posts\/395\/revisions\/414"}],"wp:attachment":[{"href":"https:\/\/www.thelins.se\/lisa\/blog\/wp-json\/wp\/v2\/media?parent=395"}],"wp:term":[{"taxonomy":"category","embeddable":true,"href":"https:\/\/www.thelins.se\/lisa\/blog\/wp-json\/wp\/v2\/categories?post=395"},{"taxonomy":"post_tag","embeddable":true,"href":"https:\/\/www.thelins.se\/lisa\/blog\/wp-json\/wp\/v2\/tags?post=395"}],"curies":[{"name":"wp","href":"https:\/\/api.w.org\/{rel}","templated":true}]}}