{"id":380,"date":"2010-06-22T10:42:44","date_gmt":"2010-06-22T08:42:44","guid":{"rendered":"http:\/\/www.thelins.se\/lisa\/blog\/?p=380"},"modified":"2010-06-15T10:45:12","modified_gmt":"2010-06-15T08:45:12","slug":"stockholmsresa","status":"publish","type":"post","link":"https:\/\/www.thelins.se\/lisa\/blog\/2010\/06\/stockholmsresa\/","title":{"rendered":"Stockholmsresa"},"content":{"rendered":"<p>Hej alla,<\/p>\n<p>I b\u00f6rjan av Juni s\u00e5 \u00e5kte farmor, farfar, mamma, pappa och jag till Stockholm. F\u00f6rst \u00e5kte vi med ett t\u00e5g som gick j\u00e4ttefort. S\u00e5 fort att vi n\u00e4stan inte kunde se n\u00e5gra kossor utanf\u00f6r. Som tur var s\u00e5 hade jag b\u00f6cker, pussel och pennor med mig, s\u00e5 jag hade att g\u00f6ra \u00e4nd\u00e5.<\/p>\n<p><a href=\"https:\/\/www.thelins.se\/lisa\/blog\/wp-content\/uploads\/2010\/06\/P1000961.jpg\"><img loading=\"lazy\" decoding=\"async\" class=\"aligncenter size-medium wp-image-381\" title=\"P1000961\" src=\"https:\/\/www.thelins.se\/lisa\/blog\/wp-content\/uploads\/2010\/06\/P1000961-300x225.jpg\" alt=\"\" width=\"300\" height=\"225\" srcset=\"https:\/\/www.thelins.se\/lisa\/blog\/wp-content\/uploads\/2010\/06\/P1000961-300x225.jpg 300w, https:\/\/www.thelins.se\/lisa\/blog\/wp-content\/uploads\/2010\/06\/P1000961-150x112.jpg 150w, https:\/\/www.thelins.se\/lisa\/blog\/wp-content\/uploads\/2010\/06\/P1000961.jpg 1024w\" sizes=\"auto, (max-width: 300px) 100vw, 300px\" \/><\/a><\/p>\n<p>N\u00e4r vi kom till Stockholm s\u00e5 \u00e5kte vi tunnelbana. Det var ocks\u00e5 roligt, men d\u00e4r fick man inte ha sina leksaker framme.<\/p>\n<p><a href=\"https:\/\/www.thelins.se\/lisa\/blog\/wp-content\/uploads\/2010\/06\/P1000962.jpg\"><img loading=\"lazy\" decoding=\"async\" class=\"aligncenter size-medium wp-image-382\" title=\"P1000962\" src=\"https:\/\/www.thelins.se\/lisa\/blog\/wp-content\/uploads\/2010\/06\/P1000962-225x300.jpg\" alt=\"\" width=\"225\" height=\"300\" srcset=\"https:\/\/www.thelins.se\/lisa\/blog\/wp-content\/uploads\/2010\/06\/P1000962-225x300.jpg 225w, https:\/\/www.thelins.se\/lisa\/blog\/wp-content\/uploads\/2010\/06\/P1000962-112x150.jpg 112w, https:\/\/www.thelins.se\/lisa\/blog\/wp-content\/uploads\/2010\/06\/P1000962.jpg 768w\" sizes=\"auto, (max-width: 225px) 100vw, 225px\" \/><\/a><\/p>\n<p>\/L<\/p>\n","protected":false},"excerpt":{"rendered":"<p>Hej alla, I b\u00f6rjan av Juni s\u00e5 \u00e5kte farmor, farfar, mamma, pappa och jag till Stockholm. F\u00f6rst \u00e5kte vi med ett t\u00e5g som gick j\u00e4ttefort. S\u00e5 fort att vi n\u00e4stan inte kunde se n\u00e5gra kossor utanf\u00f6r. Som tur var s\u00e5 hade jag b\u00f6cker, pussel och pennor med mig, s\u00e5 jag hade att g\u00f6ra \u00e4nd\u00e5. N\u00e4r&hellip;<\/p>\n","protected":false},"author":2,"featured_media":0,"comment_status":"closed","ping_status":"closed","sticky":false,"template":"","format":"standard","meta":{"footnotes":""},"categories":[1],"tags":[],"class_list":["post-380","post","type-post","status-publish","format-standard","hentry","category-uncategorized"],"_links":{"self":[{"href":"https:\/\/www.thelins.se\/lisa\/blog\/wp-json\/wp\/v2\/posts\/380","targetHints":{"allow":["GET"]}}],"collection":[{"href":"https:\/\/www.thelins.se\/lisa\/blog\/wp-json\/wp\/v2\/posts"}],"about":[{"href":"https:\/\/www.thelins.se\/lisa\/blog\/wp-json\/wp\/v2\/types\/post"}],"author":[{"embeddable":true,"href":"https:\/\/www.thelins.se\/lisa\/blog\/wp-json\/wp\/v2\/users\/2"}],"replies":[{"embeddable":true,"href":"https:\/\/www.thelins.se\/lisa\/blog\/wp-json\/wp\/v2\/comments?post=380"}],"version-history":[{"count":2,"href":"https:\/\/www.thelins.se\/lisa\/blog\/wp-json\/wp\/v2\/posts\/380\/revisions"}],"predecessor-version":[{"id":412,"href":"https:\/\/www.thelins.se\/lisa\/blog\/wp-json\/wp\/v2\/posts\/380\/revisions\/412"}],"wp:attachment":[{"href":"https:\/\/www.thelins.se\/lisa\/blog\/wp-json\/wp\/v2\/media?parent=380"}],"wp:term":[{"taxonomy":"category","embeddable":true,"href":"https:\/\/www.thelins.se\/lisa\/blog\/wp-json\/wp\/v2\/categories?post=380"},{"taxonomy":"post_tag","embeddable":true,"href":"https:\/\/www.thelins.se\/lisa\/blog\/wp-json\/wp\/v2\/tags?post=380"}],"curies":[{"name":"wp","href":"https:\/\/api.w.org\/{rel}","templated":true}]}}