{"id":317,"date":"2010-05-16T09:44:31","date_gmt":"2010-05-16T07:44:31","guid":{"rendered":"http:\/\/www.thelins.se\/lisa\/blog\/?p=317"},"modified":"2010-05-16T09:44:31","modified_gmt":"2010-05-16T07:44:31","slug":"lisa-klattrar","status":"publish","type":"post","link":"https:\/\/www.thelins.se\/lisa\/blog\/2010\/05\/lisa-klattrar\/","title":{"rendered":"Lisa kl\u00e4ttrar"},"content":{"rendered":"<p style=\"text-align: left;\">Hej alla,<\/p>\n<p style=\"text-align: left;\">Ig\u00e5r s\u00e5 var jag ute med min kusin Nils och tog kort. Det var roligt, men Nils mamma hade inte tagit p\u00e5 honom jackan ordentligt. Tur att han har mig som stor kusin!<\/p>\n<p style=\"text-align: center;\"><a href=\"https:\/\/www.thelins.se\/lisa\/blog\/wp-content\/uploads\/2010\/05\/P1000855.jpg\"><img loading=\"lazy\" decoding=\"async\" class=\"size-medium wp-image-320 aligncenter\" title=\"P1000855\" src=\"https:\/\/www.thelins.se\/lisa\/blog\/wp-content\/uploads\/2010\/05\/P1000855-300x225.jpg\" alt=\"\" width=\"300\" height=\"225\" srcset=\"https:\/\/www.thelins.se\/lisa\/blog\/wp-content\/uploads\/2010\/05\/P1000855-300x225.jpg 300w, https:\/\/www.thelins.se\/lisa\/blog\/wp-content\/uploads\/2010\/05\/P1000855-150x112.jpg 150w, https:\/\/www.thelins.se\/lisa\/blog\/wp-content\/uploads\/2010\/05\/P1000855.jpg 800w\" sizes=\"auto, (max-width: 300px) 100vw, 300px\" \/><\/a><\/p>\n<p style=\"text-align: left;\">N\u00e4r allt det praktiska var ordnat s\u00e5 tog mamma s\u00e5 m\u00e5nga kort att batteriet i kamerna tog slut.<\/p>\n<p style=\"text-align: center;\"><a href=\"https:\/\/www.thelins.se\/lisa\/blog\/wp-content\/uploads\/2010\/05\/P1000841.jpg\"><img loading=\"lazy\" decoding=\"async\" class=\"size-medium wp-image-319 aligncenter\" title=\"P1000841\" src=\"https:\/\/www.thelins.se\/lisa\/blog\/wp-content\/uploads\/2010\/05\/P1000841-300x225.jpg\" alt=\"\" width=\"300\" height=\"225\" srcset=\"https:\/\/www.thelins.se\/lisa\/blog\/wp-content\/uploads\/2010\/05\/P1000841-300x225.jpg 300w, https:\/\/www.thelins.se\/lisa\/blog\/wp-content\/uploads\/2010\/05\/P1000841-150x112.jpg 150w, https:\/\/www.thelins.se\/lisa\/blog\/wp-content\/uploads\/2010\/05\/P1000841.jpg 800w\" sizes=\"auto, (max-width: 300px) 100vw, 300px\" \/><\/a><\/p>\n<p style=\"text-align: left;\">Sedan hade jag suttit still s\u00e5 l\u00e4nge s\u00e5 jag beh\u00f6vde busa av mig. Idag fick det bli lite tr\u00e4dkl\u00e4ttring!<\/p>\n<p style=\"text-align: center;\"><a href=\"https:\/\/www.thelins.se\/lisa\/blog\/wp-content\/uploads\/2010\/05\/P1000873.jpg\"><img loading=\"lazy\" decoding=\"async\" class=\"size-medium wp-image-318 aligncenter\" title=\"P1000873\" src=\"https:\/\/www.thelins.se\/lisa\/blog\/wp-content\/uploads\/2010\/05\/P1000873-225x300.jpg\" alt=\"\" width=\"225\" height=\"300\" srcset=\"https:\/\/www.thelins.se\/lisa\/blog\/wp-content\/uploads\/2010\/05\/P1000873-225x300.jpg 225w, https:\/\/www.thelins.se\/lisa\/blog\/wp-content\/uploads\/2010\/05\/P1000873-112x150.jpg 112w, https:\/\/www.thelins.se\/lisa\/blog\/wp-content\/uploads\/2010\/05\/P1000873.jpg 600w\" sizes=\"auto, (max-width: 225px) 100vw, 225px\" \/><\/a><\/p>\n<p>\/L<\/p>\n","protected":false},"excerpt":{"rendered":"<p>Hej alla, Ig\u00e5r s\u00e5 var jag ute med min kusin Nils och tog kort. Det var roligt, men Nils mamma hade inte tagit p\u00e5 honom jackan ordentligt. Tur att han har mig som stor kusin! N\u00e4r allt det praktiska var ordnat s\u00e5 tog mamma s\u00e5 m\u00e5nga kort att batteriet i kamerna tog slut. Sedan hade&hellip;<\/p>\n","protected":false},"author":2,"featured_media":0,"comment_status":"closed","ping_status":"closed","sticky":false,"template":"","format":"standard","meta":{"footnotes":""},"categories":[1],"tags":[],"class_list":["post-317","post","type-post","status-publish","format-standard","hentry","category-uncategorized"],"_links":{"self":[{"href":"https:\/\/www.thelins.se\/lisa\/blog\/wp-json\/wp\/v2\/posts\/317","targetHints":{"allow":["GET"]}}],"collection":[{"href":"https:\/\/www.thelins.se\/lisa\/blog\/wp-json\/wp\/v2\/posts"}],"about":[{"href":"https:\/\/www.thelins.se\/lisa\/blog\/wp-json\/wp\/v2\/types\/post"}],"author":[{"embeddable":true,"href":"https:\/\/www.thelins.se\/lisa\/blog\/wp-json\/wp\/v2\/users\/2"}],"replies":[{"embeddable":true,"href":"https:\/\/www.thelins.se\/lisa\/blog\/wp-json\/wp\/v2\/comments?post=317"}],"version-history":[{"count":2,"href":"https:\/\/www.thelins.se\/lisa\/blog\/wp-json\/wp\/v2\/posts\/317\/revisions"}],"predecessor-version":[{"id":322,"href":"https:\/\/www.thelins.se\/lisa\/blog\/wp-json\/wp\/v2\/posts\/317\/revisions\/322"}],"wp:attachment":[{"href":"https:\/\/www.thelins.se\/lisa\/blog\/wp-json\/wp\/v2\/media?parent=317"}],"wp:term":[{"taxonomy":"category","embeddable":true,"href":"https:\/\/www.thelins.se\/lisa\/blog\/wp-json\/wp\/v2\/categories?post=317"},{"taxonomy":"post_tag","embeddable":true,"href":"https:\/\/www.thelins.se\/lisa\/blog\/wp-json\/wp\/v2\/tags?post=317"}],"curies":[{"name":"wp","href":"https:\/\/api.w.org\/{rel}","templated":true}]}}