{"id":301,"date":"2010-05-13T10:59:56","date_gmt":"2010-05-13T08:59:56","guid":{"rendered":"http:\/\/www.thelins.se\/lisa\/blog\/?p=301"},"modified":"2010-05-07T11:01:35","modified_gmt":"2010-05-07T09:01:35","slug":"tarta-igen","status":"publish","type":"post","link":"https:\/\/www.thelins.se\/lisa\/blog\/2010\/05\/tarta-igen\/","title":{"rendered":"T\u00e5rta igen"},"content":{"rendered":"<p>Hej alla,<\/p>\n<p>P\u00e5 eftermiddagen s\u00e5 fick jag en t\u00e5rta till. Den var rolig &#8211; s\u00e5g ut som en stor groda. Jag fick bl\u00e5sa p\u00e5 ljusen igen innan vi \u00e5t. Konstigt var ordet!<\/p>\n<p><a href=\"https:\/\/www.thelins.se\/lisa\/blog\/wp-content\/uploads\/2010\/05\/P1000815.jpg\"><img loading=\"lazy\" decoding=\"async\" class=\"aligncenter size-medium wp-image-300\" title=\"P1000815\" src=\"https:\/\/www.thelins.se\/lisa\/blog\/wp-content\/uploads\/2010\/05\/P1000815-300x225.jpg\" alt=\"\" width=\"300\" height=\"225\" srcset=\"https:\/\/www.thelins.se\/lisa\/blog\/wp-content\/uploads\/2010\/05\/P1000815-300x225.jpg 300w, https:\/\/www.thelins.se\/lisa\/blog\/wp-content\/uploads\/2010\/05\/P1000815-150x112.jpg 150w, https:\/\/www.thelins.se\/lisa\/blog\/wp-content\/uploads\/2010\/05\/P1000815.jpg 800w\" sizes=\"auto, (max-width: 300px) 100vw, 300px\" \/><\/a><\/p>\n<p>T\u00e5rtan var ganska s\u00e5 god, men jag \u00e4ter hellre bulle och finn crisp. Alla andra \u00e5t av den, s\u00e5 jag tror att de gillade den.<\/p>\n<p>\/L<\/p>\n","protected":false},"excerpt":{"rendered":"<p>Hej alla, P\u00e5 eftermiddagen s\u00e5 fick jag en t\u00e5rta till. Den var rolig &#8211; s\u00e5g ut som en stor groda. Jag fick bl\u00e5sa p\u00e5 ljusen igen innan vi \u00e5t. Konstigt var ordet! T\u00e5rtan var ganska s\u00e5 god, men jag \u00e4ter hellre bulle och finn crisp. Alla andra \u00e5t av den, s\u00e5 jag tror att de&hellip;<\/p>\n","protected":false},"author":2,"featured_media":0,"comment_status":"closed","ping_status":"closed","sticky":false,"template":"","format":"standard","meta":{"footnotes":""},"categories":[1],"tags":[],"class_list":["post-301","post","type-post","status-publish","format-standard","hentry","category-uncategorized"],"_links":{"self":[{"href":"https:\/\/www.thelins.se\/lisa\/blog\/wp-json\/wp\/v2\/posts\/301","targetHints":{"allow":["GET"]}}],"collection":[{"href":"https:\/\/www.thelins.se\/lisa\/blog\/wp-json\/wp\/v2\/posts"}],"about":[{"href":"https:\/\/www.thelins.se\/lisa\/blog\/wp-json\/wp\/v2\/types\/post"}],"author":[{"embeddable":true,"href":"https:\/\/www.thelins.se\/lisa\/blog\/wp-json\/wp\/v2\/users\/2"}],"replies":[{"embeddable":true,"href":"https:\/\/www.thelins.se\/lisa\/blog\/wp-json\/wp\/v2\/comments?post=301"}],"version-history":[{"count":2,"href":"https:\/\/www.thelins.se\/lisa\/blog\/wp-json\/wp\/v2\/posts\/301\/revisions"}],"predecessor-version":[{"id":314,"href":"https:\/\/www.thelins.se\/lisa\/blog\/wp-json\/wp\/v2\/posts\/301\/revisions\/314"}],"wp:attachment":[{"href":"https:\/\/www.thelins.se\/lisa\/blog\/wp-json\/wp\/v2\/media?parent=301"}],"wp:term":[{"taxonomy":"category","embeddable":true,"href":"https:\/\/www.thelins.se\/lisa\/blog\/wp-json\/wp\/v2\/categories?post=301"},{"taxonomy":"post_tag","embeddable":true,"href":"https:\/\/www.thelins.se\/lisa\/blog\/wp-json\/wp\/v2\/tags?post=301"}],"curies":[{"name":"wp","href":"https:\/\/api.w.org\/{rel}","templated":true}]}}