{"id":3,"date":"2008-07-31T23:28:00","date_gmt":"2008-07-31T21:28:00","guid":{"rendered":"http:\/\/www.thelins.se\/lisa\/blog\/2008\/07\/valkomna\/"},"modified":"2008-07-31T23:28:00","modified_gmt":"2008-07-31T21:28:00","slug":"valkomna","status":"publish","type":"post","link":"https:\/\/www.thelins.se\/lisa\/blog\/2008\/07\/valkomna\/","title":{"rendered":">V\u00e4lkomna"},"content":{"rendered":"<p>>Hej alla,<\/p>\n<p>T\u00e4nkte bara s\u00e4ga hej och tala om att h\u00e4r \u00e4r min blog. T\u00e4nkte skicka upp lite bilder p\u00e5 mig och mina polare, men \u00e4ven skriva lite om vad jag g\u00f6r och t\u00e4nker.<\/p>\n<p>Vem \u00e4r jag d\u00e5? Jo, jag \u00e4r Lisa. Fyller 3 m\u00e5nader i \u00f6vermorgon. Gillar mj\u00f6lk &#8211; mammas s\u00e5klart &#8211; snygga bodies och roliga mobiler.<\/p>\n<p>Vi h\u00f6rs!<\/p>\n<p>\/Lisa<\/p>\n","protected":false},"excerpt":{"rendered":"<p>>Hej alla, T\u00e4nkte bara s\u00e4ga hej och tala om att h\u00e4r \u00e4r min blog. T\u00e4nkte skicka upp lite bilder p\u00e5 mig och mina polare, men \u00e4ven skriva lite om vad jag g\u00f6r och t\u00e4nker. Vem \u00e4r jag d\u00e5? Jo, jag \u00e4r Lisa. Fyller 3 m\u00e5nader i \u00f6vermorgon. Gillar mj\u00f6lk &#8211; mammas s\u00e5klart &#8211; snygga bodies&hellip;<\/p>\n","protected":false},"author":2,"featured_media":0,"comment_status":"closed","ping_status":"closed","sticky":false,"template":"","format":"standard","meta":{"footnotes":""},"categories":[1],"tags":[],"class_list":["post-3","post","type-post","status-publish","format-standard","hentry","category-uncategorized"],"_links":{"self":[{"href":"https:\/\/www.thelins.se\/lisa\/blog\/wp-json\/wp\/v2\/posts\/3","targetHints":{"allow":["GET"]}}],"collection":[{"href":"https:\/\/www.thelins.se\/lisa\/blog\/wp-json\/wp\/v2\/posts"}],"about":[{"href":"https:\/\/www.thelins.se\/lisa\/blog\/wp-json\/wp\/v2\/types\/post"}],"author":[{"embeddable":true,"href":"https:\/\/www.thelins.se\/lisa\/blog\/wp-json\/wp\/v2\/users\/2"}],"replies":[{"embeddable":true,"href":"https:\/\/www.thelins.se\/lisa\/blog\/wp-json\/wp\/v2\/comments?post=3"}],"version-history":[{"count":0,"href":"https:\/\/www.thelins.se\/lisa\/blog\/wp-json\/wp\/v2\/posts\/3\/revisions"}],"wp:attachment":[{"href":"https:\/\/www.thelins.se\/lisa\/blog\/wp-json\/wp\/v2\/media?parent=3"}],"wp:term":[{"taxonomy":"category","embeddable":true,"href":"https:\/\/www.thelins.se\/lisa\/blog\/wp-json\/wp\/v2\/categories?post=3"},{"taxonomy":"post_tag","embeddable":true,"href":"https:\/\/www.thelins.se\/lisa\/blog\/wp-json\/wp\/v2\/tags?post=3"}],"curies":[{"name":"wp","href":"https:\/\/api.w.org\/{rel}","templated":true}]}}