{"id":291,"date":"2010-05-09T10:38:31","date_gmt":"2010-05-09T08:38:31","guid":{"rendered":"http:\/\/www.thelins.se\/lisa\/blog\/?p=291"},"modified":"2010-05-07T10:40:48","modified_gmt":"2010-05-07T08:40:48","slug":"en-gunga-till","status":"publish","type":"post","link":"https:\/\/www.thelins.se\/lisa\/blog\/2010\/05\/en-gunga-till\/","title":{"rendered":"En gunga till?!"},"content":{"rendered":"<p>Hej alla,<\/p>\n<p>N\u00e4r jag hade sovit middag s\u00e5 kom mormor och morfar. I ett av paketen jag fick av dem var det en gunga till. Tydligen s\u00e5 har jag ingen gunga i sommarstugan, s\u00e5 vi ska ta med den h\u00e4r n\u00e4r vi \u00e5ker dit.<\/p>\n<p>Eftersom min gungst\u00e4llning redan \u00e4r full med gungor s\u00e5 busade jag och pappa och gungade inomhus. Det var kul, men pappa blev tr\u00f6tt.<\/p>\n<p><a href=\"https:\/\/www.thelins.se\/lisa\/blog\/wp-content\/uploads\/2010\/05\/P1000776.jpg\"><img loading=\"lazy\" decoding=\"async\" class=\"aligncenter size-medium wp-image-290\" title=\"P1000776\" src=\"https:\/\/www.thelins.se\/lisa\/blog\/wp-content\/uploads\/2010\/05\/P1000776-300x225.jpg\" alt=\"\" width=\"300\" height=\"225\" srcset=\"https:\/\/www.thelins.se\/lisa\/blog\/wp-content\/uploads\/2010\/05\/P1000776-300x225.jpg 300w, https:\/\/www.thelins.se\/lisa\/blog\/wp-content\/uploads\/2010\/05\/P1000776-150x112.jpg 150w, https:\/\/www.thelins.se\/lisa\/blog\/wp-content\/uploads\/2010\/05\/P1000776.jpg 800w\" sizes=\"auto, (max-width: 300px) 100vw, 300px\" \/><\/a><\/p>\n<p>\/L<\/p>\n","protected":false},"excerpt":{"rendered":"<p>Hej alla, N\u00e4r jag hade sovit middag s\u00e5 kom mormor och morfar. I ett av paketen jag fick av dem var det en gunga till. Tydligen s\u00e5 har jag ingen gunga i sommarstugan, s\u00e5 vi ska ta med den h\u00e4r n\u00e4r vi \u00e5ker dit. Eftersom min gungst\u00e4llning redan \u00e4r full med gungor s\u00e5 busade jag&hellip;<\/p>\n","protected":false},"author":2,"featured_media":0,"comment_status":"closed","ping_status":"closed","sticky":false,"template":"","format":"standard","meta":{"footnotes":""},"categories":[1],"tags":[],"class_list":["post-291","post","type-post","status-publish","format-standard","hentry","category-uncategorized"],"_links":{"self":[{"href":"https:\/\/www.thelins.se\/lisa\/blog\/wp-json\/wp\/v2\/posts\/291","targetHints":{"allow":["GET"]}}],"collection":[{"href":"https:\/\/www.thelins.se\/lisa\/blog\/wp-json\/wp\/v2\/posts"}],"about":[{"href":"https:\/\/www.thelins.se\/lisa\/blog\/wp-json\/wp\/v2\/types\/post"}],"author":[{"embeddable":true,"href":"https:\/\/www.thelins.se\/lisa\/blog\/wp-json\/wp\/v2\/users\/2"}],"replies":[{"embeddable":true,"href":"https:\/\/www.thelins.se\/lisa\/blog\/wp-json\/wp\/v2\/comments?post=291"}],"version-history":[{"count":2,"href":"https:\/\/www.thelins.se\/lisa\/blog\/wp-json\/wp\/v2\/posts\/291\/revisions"}],"predecessor-version":[{"id":293,"href":"https:\/\/www.thelins.se\/lisa\/blog\/wp-json\/wp\/v2\/posts\/291\/revisions\/293"}],"wp:attachment":[{"href":"https:\/\/www.thelins.se\/lisa\/blog\/wp-json\/wp\/v2\/media?parent=291"}],"wp:term":[{"taxonomy":"category","embeddable":true,"href":"https:\/\/www.thelins.se\/lisa\/blog\/wp-json\/wp\/v2\/categories?post=291"},{"taxonomy":"post_tag","embeddable":true,"href":"https:\/\/www.thelins.se\/lisa\/blog\/wp-json\/wp\/v2\/tags?post=291"}],"curies":[{"name":"wp","href":"https:\/\/api.w.org\/{rel}","templated":true}]}}