{"id":29,"date":"2009-01-21T13:26:00","date_gmt":"2009-01-21T11:26:00","guid":{"rendered":"http:\/\/www.thelins.se\/lisa\/blog\/2009\/01\/jag-kan-sta-upp\/"},"modified":"2009-01-21T13:26:00","modified_gmt":"2009-01-21T11:26:00","slug":"jag-kan-sta-upp","status":"publish","type":"post","link":"https:\/\/www.thelins.se\/lisa\/blog\/2009\/01\/jag-kan-sta-upp\/","title":{"rendered":">Jag kan st\u00e5 upp!"},"content":{"rendered":"<p>>Hej alla,<\/p>\n<p>Jag har kl\u00e4ngt och kl\u00e4ttrat l\u00e4nge nu, men idag fick jag tillsist till det. Mamma l\u00e4mnade diskmaskinen \u00f6ppen, s\u00e5 jag kr\u00f6p dit och st\u00e4llde mig upp. Ganska trevlig med utsikt &#8211; jag ska nog g\u00f6ra det oftare!<\/p>\n<p><a onblur=\"try {parent.deselectBloggerImageGracefully();} catch(e) {}\" href=\"https:\/\/www.thelins.se\/lisa\/blog\/uploaded_images\/DSC01030-774958.JPG\"><img decoding=\"async\" style=\"margin: 0px auto 10px; display: block; text-align: center; cursor: pointer; width: 300px; height: 400px;\" src=\"https:\/\/www.thelins.se\/lisa\/blog\/uploaded_images\/DSC01030-774831.JPG\" alt=\"\" border=\"0\" \/><\/a><br \/>\/L<\/p>\n","protected":false},"excerpt":{"rendered":"<p>>Hej alla, Jag har kl\u00e4ngt och kl\u00e4ttrat l\u00e4nge nu, men idag fick jag tillsist till det. Mamma l\u00e4mnade diskmaskinen \u00f6ppen, s\u00e5 jag kr\u00f6p dit och st\u00e4llde mig upp. Ganska trevlig med utsikt &#8211; jag ska nog g\u00f6ra det oftare! \/L<\/p>\n","protected":false},"author":2,"featured_media":0,"comment_status":"closed","ping_status":"closed","sticky":false,"template":"","format":"standard","meta":{"footnotes":""},"categories":[1],"tags":[],"class_list":["post-29","post","type-post","status-publish","format-standard","hentry","category-uncategorized"],"_links":{"self":[{"href":"https:\/\/www.thelins.se\/lisa\/blog\/wp-json\/wp\/v2\/posts\/29","targetHints":{"allow":["GET"]}}],"collection":[{"href":"https:\/\/www.thelins.se\/lisa\/blog\/wp-json\/wp\/v2\/posts"}],"about":[{"href":"https:\/\/www.thelins.se\/lisa\/blog\/wp-json\/wp\/v2\/types\/post"}],"author":[{"embeddable":true,"href":"https:\/\/www.thelins.se\/lisa\/blog\/wp-json\/wp\/v2\/users\/2"}],"replies":[{"embeddable":true,"href":"https:\/\/www.thelins.se\/lisa\/blog\/wp-json\/wp\/v2\/comments?post=29"}],"version-history":[{"count":0,"href":"https:\/\/www.thelins.se\/lisa\/blog\/wp-json\/wp\/v2\/posts\/29\/revisions"}],"wp:attachment":[{"href":"https:\/\/www.thelins.se\/lisa\/blog\/wp-json\/wp\/v2\/media?parent=29"}],"wp:term":[{"taxonomy":"category","embeddable":true,"href":"https:\/\/www.thelins.se\/lisa\/blog\/wp-json\/wp\/v2\/categories?post=29"},{"taxonomy":"post_tag","embeddable":true,"href":"https:\/\/www.thelins.se\/lisa\/blog\/wp-json\/wp\/v2\/tags?post=29"}],"curies":[{"name":"wp","href":"https:\/\/api.w.org\/{rel}","templated":true}]}}