{"id":287,"date":"2010-05-07T10:22:39","date_gmt":"2010-05-07T08:22:39","guid":{"rendered":"http:\/\/www.thelins.se\/lisa\/blog\/?p=287"},"modified":"2010-05-07T12:13:10","modified_gmt":"2010-05-07T10:13:10","slug":"287","status":"publish","type":"post","link":"https:\/\/www.thelins.se\/lisa\/blog\/2010\/05\/287\/","title":{"rendered":"Kalas med Alma"},"content":{"rendered":"<p>Hej alla,<\/p>\n<p>P\u00e5 f\u00f6rmiddagen p\u00e5 min f\u00f6delsedag s\u00e5 kom min kompis Alma. Jag fick en j\u00e4ttefin servis av henne som vi lekte med.<\/p>\n<p><a href=\"https:\/\/www.thelins.se\/lisa\/blog\/wp-content\/uploads\/2010\/05\/P1000746.jpg\"><img loading=\"lazy\" decoding=\"async\" class=\"aligncenter size-medium wp-image-282\" title=\"P1000746\" src=\"https:\/\/www.thelins.se\/lisa\/blog\/wp-content\/uploads\/2010\/05\/P1000746-300x225.jpg\" alt=\"\" width=\"300\" height=\"225\" srcset=\"https:\/\/www.thelins.se\/lisa\/blog\/wp-content\/uploads\/2010\/05\/P1000746-300x225.jpg 300w, https:\/\/www.thelins.se\/lisa\/blog\/wp-content\/uploads\/2010\/05\/P1000746-150x112.jpg 150w, https:\/\/www.thelins.se\/lisa\/blog\/wp-content\/uploads\/2010\/05\/P1000746.jpg 800w\" sizes=\"auto, (max-width: 300px) 100vw, 300px\" \/><\/a><\/p>\n<p>Sedan fikade vi. Mamma och pappa ville att jag skulle sl\u00e4cka ljusen p\u00e5 t\u00e5rtan innan vi fick \u00e4ta. Det var lite konstigt men roligt.<\/p>\n<p><a href=\"https:\/\/www.thelins.se\/lisa\/blog\/wp-content\/uploads\/2010\/05\/P1000749.jpg\"><img loading=\"lazy\" decoding=\"async\" class=\"aligncenter size-medium wp-image-283\" title=\"P1000749\" src=\"https:\/\/www.thelins.se\/lisa\/blog\/wp-content\/uploads\/2010\/05\/P1000749-300x225.jpg\" alt=\"\" width=\"300\" height=\"225\" srcset=\"https:\/\/www.thelins.se\/lisa\/blog\/wp-content\/uploads\/2010\/05\/P1000749-300x225.jpg 300w, https:\/\/www.thelins.se\/lisa\/blog\/wp-content\/uploads\/2010\/05\/P1000749-150x112.jpg 150w, https:\/\/www.thelins.se\/lisa\/blog\/wp-content\/uploads\/2010\/05\/P1000749.jpg 800w\" sizes=\"auto, (max-width: 300px) 100vw, 300px\" \/><\/a><\/p>\n<p>Sedan gick vi ut och lekte. Jag och Alma lekte i sandl\u00e5dan.<\/p>\n<p><a href=\"https:\/\/www.thelins.se\/lisa\/blog\/wp-content\/uploads\/2010\/05\/P1000758.jpg\"><img loading=\"lazy\" decoding=\"async\" class=\"aligncenter size-medium wp-image-285\" title=\"P1000758\" src=\"https:\/\/www.thelins.se\/lisa\/blog\/wp-content\/uploads\/2010\/05\/P1000758-300x225.jpg\" alt=\"\" width=\"300\" height=\"225\" srcset=\"https:\/\/www.thelins.se\/lisa\/blog\/wp-content\/uploads\/2010\/05\/P1000758-300x225.jpg 300w, https:\/\/www.thelins.se\/lisa\/blog\/wp-content\/uploads\/2010\/05\/P1000758-150x112.jpg 150w, https:\/\/www.thelins.se\/lisa\/blog\/wp-content\/uploads\/2010\/05\/P1000758.jpg 800w\" sizes=\"auto, (max-width: 300px) 100vw, 300px\" \/><\/a><\/p>\n<p>Alma och hennes mamma gungade. Jag gungade ocks\u00e5, men det har ni ju redan sett.<\/p>\n<p><a href=\"https:\/\/www.thelins.se\/lisa\/blog\/wp-content\/uploads\/2010\/05\/P1000764.jpg\"><img loading=\"lazy\" decoding=\"async\" class=\"aligncenter size-medium wp-image-286\" title=\"P1000764\" src=\"https:\/\/www.thelins.se\/lisa\/blog\/wp-content\/uploads\/2010\/05\/P1000764-300x225.jpg\" alt=\"\" width=\"300\" height=\"225\" srcset=\"https:\/\/www.thelins.se\/lisa\/blog\/wp-content\/uploads\/2010\/05\/P1000764-300x225.jpg 300w, https:\/\/www.thelins.se\/lisa\/blog\/wp-content\/uploads\/2010\/05\/P1000764-150x112.jpg 150w, https:\/\/www.thelins.se\/lisa\/blog\/wp-content\/uploads\/2010\/05\/P1000764.jpg 800w\" sizes=\"auto, (max-width: 300px) 100vw, 300px\" \/><\/a><\/p>\n<p>\/L<\/p>\n","protected":false},"excerpt":{"rendered":"<p>Hej alla, P\u00e5 f\u00f6rmiddagen p\u00e5 min f\u00f6delsedag s\u00e5 kom min kompis Alma. Jag fick en j\u00e4ttefin servis av henne som vi lekte med. Sedan fikade vi. Mamma och pappa ville att jag skulle sl\u00e4cka ljusen p\u00e5 t\u00e5rtan innan vi fick \u00e4ta. Det var lite konstigt men roligt. Sedan gick vi ut och lekte. Jag och&hellip;<\/p>\n","protected":false},"author":2,"featured_media":0,"comment_status":"closed","ping_status":"closed","sticky":false,"template":"","format":"standard","meta":{"footnotes":""},"categories":[1],"tags":[],"class_list":["post-287","post","type-post","status-publish","format-standard","hentry","category-uncategorized"],"_links":{"self":[{"href":"https:\/\/www.thelins.se\/lisa\/blog\/wp-json\/wp\/v2\/posts\/287","targetHints":{"allow":["GET"]}}],"collection":[{"href":"https:\/\/www.thelins.se\/lisa\/blog\/wp-json\/wp\/v2\/posts"}],"about":[{"href":"https:\/\/www.thelins.se\/lisa\/blog\/wp-json\/wp\/v2\/types\/post"}],"author":[{"embeddable":true,"href":"https:\/\/www.thelins.se\/lisa\/blog\/wp-json\/wp\/v2\/users\/2"}],"replies":[{"embeddable":true,"href":"https:\/\/www.thelins.se\/lisa\/blog\/wp-json\/wp\/v2\/comments?post=287"}],"version-history":[{"count":3,"href":"https:\/\/www.thelins.se\/lisa\/blog\/wp-json\/wp\/v2\/posts\/287\/revisions"}],"predecessor-version":[{"id":289,"href":"https:\/\/www.thelins.se\/lisa\/blog\/wp-json\/wp\/v2\/posts\/287\/revisions\/289"}],"wp:attachment":[{"href":"https:\/\/www.thelins.se\/lisa\/blog\/wp-json\/wp\/v2\/media?parent=287"}],"wp:term":[{"taxonomy":"category","embeddable":true,"href":"https:\/\/www.thelins.se\/lisa\/blog\/wp-json\/wp\/v2\/categories?post=287"},{"taxonomy":"post_tag","embeddable":true,"href":"https:\/\/www.thelins.se\/lisa\/blog\/wp-json\/wp\/v2\/tags?post=287"}],"curies":[{"name":"wp","href":"https:\/\/api.w.org\/{rel}","templated":true}]}}