{"id":28,"date":"2009-01-07T15:22:00","date_gmt":"2009-01-07T13:22:00","guid":{"rendered":"http:\/\/www.thelins.se\/lisa\/blog\/2009\/01\/1%c2%bd-tand\/"},"modified":"2009-01-07T15:22:00","modified_gmt":"2009-01-07T13:22:00","slug":"1%c2%bd-tand","status":"publish","type":"post","link":"https:\/\/www.thelins.se\/lisa\/blog\/2009\/01\/1%c2%bd-tand\/","title":{"rendered":">1\u00bd tand!"},"content":{"rendered":"<p>>Hej,<\/p>\n<p>Efter att pappa busade, skojade och lekte med mig s\u00e5 gick jag tillsist med p\u00e5 att ta ett kort p\u00e5 mina t\u00e4nder. Det \u00e4r faktiskt en och en halv &#8211; s\u00e5 det s\u00e5!<\/p>\n<p><a onblur=\"try {parent.deselectBloggerImageGracefully();} catch(e) {}\" href=\"https:\/\/www.thelins.se\/lisa\/blog\/uploaded_images\/20090106130-766343.jpg\"><img decoding=\"async\" style=\"margin: 0px auto 10px; display: block; text-align: center; cursor: pointer; width: 400px; height: 300px;\" src=\"https:\/\/www.thelins.se\/lisa\/blog\/uploaded_images\/20090106130-765885.jpg\" alt=\"\" border=\"0\" \/><\/a><br \/>\/Lisa<\/p>\n","protected":false},"excerpt":{"rendered":"<p>>Hej, Efter att pappa busade, skojade och lekte med mig s\u00e5 gick jag tillsist med p\u00e5 att ta ett kort p\u00e5 mina t\u00e4nder. Det \u00e4r faktiskt en och en halv &#8211; s\u00e5 det s\u00e5! \/Lisa<\/p>\n","protected":false},"author":2,"featured_media":0,"comment_status":"closed","ping_status":"closed","sticky":false,"template":"","format":"standard","meta":{"footnotes":""},"categories":[1],"tags":[],"class_list":["post-28","post","type-post","status-publish","format-standard","hentry","category-uncategorized"],"_links":{"self":[{"href":"https:\/\/www.thelins.se\/lisa\/blog\/wp-json\/wp\/v2\/posts\/28","targetHints":{"allow":["GET"]}}],"collection":[{"href":"https:\/\/www.thelins.se\/lisa\/blog\/wp-json\/wp\/v2\/posts"}],"about":[{"href":"https:\/\/www.thelins.se\/lisa\/blog\/wp-json\/wp\/v2\/types\/post"}],"author":[{"embeddable":true,"href":"https:\/\/www.thelins.se\/lisa\/blog\/wp-json\/wp\/v2\/users\/2"}],"replies":[{"embeddable":true,"href":"https:\/\/www.thelins.se\/lisa\/blog\/wp-json\/wp\/v2\/comments?post=28"}],"version-history":[{"count":0,"href":"https:\/\/www.thelins.se\/lisa\/blog\/wp-json\/wp\/v2\/posts\/28\/revisions"}],"wp:attachment":[{"href":"https:\/\/www.thelins.se\/lisa\/blog\/wp-json\/wp\/v2\/media?parent=28"}],"wp:term":[{"taxonomy":"category","embeddable":true,"href":"https:\/\/www.thelins.se\/lisa\/blog\/wp-json\/wp\/v2\/categories?post=28"},{"taxonomy":"post_tag","embeddable":true,"href":"https:\/\/www.thelins.se\/lisa\/blog\/wp-json\/wp\/v2\/tags?post=28"}],"curies":[{"name":"wp","href":"https:\/\/api.w.org\/{rel}","templated":true}]}}