{"id":27,"date":"2009-01-05T11:21:00","date_gmt":"2009-01-05T09:21:00","guid":{"rendered":"http:\/\/www.thelins.se\/lisa\/blog\/2009\/01\/julafton\/"},"modified":"2009-01-05T11:21:00","modified_gmt":"2009-01-05T09:21:00","slug":"julafton","status":"publish","type":"post","link":"https:\/\/www.thelins.se\/lisa\/blog\/2009\/01\/julafton\/","title":{"rendered":">Julafton!"},"content":{"rendered":"<p>>Hej alla,<\/p>\n<p>Nu har det varit jul. Pust, vad mycket det var att g\u00f6ra &#8211; \u00f6ppna paket, leka lite, bita lite, \u00e4ta mat, bli uppkl\u00e4dd, h\u00e4lsa p\u00e5 en massa m\u00e4nniskor, \u00e5ka runt i bilen, och s\u00e5 vidare. Dagen b\u00f6rjade i alla fall hos farmor och farfar, d\u00e4r vi tr\u00e4ffade pappas farfar.<\/p>\n<p><a onblur=\"try {parent.deselectBloggerImageGracefully();} catch(e) {}\" href=\"https:\/\/www.thelins.se\/lisa\/blog\/uploaded_images\/PC240001-712043.JPG\"><img decoding=\"async\" style=\"margin: 0px auto 10px; display: block; text-align: center; cursor: pointer; width: 400px; height: 349px;\" src=\"https:\/\/www.thelins.se\/lisa\/blog\/uploaded_images\/PC240001-711513.JPG\" alt=\"\" border=\"0\" \/><\/a>Sedan \u00e5kte vi vidare till pappas farbror, Bj\u00f6rn, och mamma och pappa \u00e5t julbord. Jag kollade in huset. Roligt med lister som gl\u00e4nser!<\/p>\n<p><a onblur=\"try {parent.deselectBloggerImageGracefully();} catch(e) {}\" href=\"https:\/\/www.thelins.se\/lisa\/blog\/uploaded_images\/PC240006-714200.JPG\"><img decoding=\"async\" style=\"margin: 0px auto 10px; display: block; text-align: center; cursor: pointer; width: 400px; height: 300px;\" src=\"https:\/\/www.thelins.se\/lisa\/blog\/uploaded_images\/PC240006-712341.JPG\" alt=\"\" border=\"0\" \/><\/a>Efter julbordet s\u00e5 \u00e5kte vi till mormor och morfar. De hade j\u00e4ttem\u00e5nga paket!<\/p>\n<p><a onblur=\"try {parent.deselectBloggerImageGracefully();} catch(e) {}\" href=\"https:\/\/www.thelins.se\/lisa\/blog\/uploaded_images\/PC240007-702489.JPG\"><img decoding=\"async\" style=\"margin: 0px auto 10px; display: block; text-align: center; cursor: pointer; width: 400px; height: 300px;\" src=\"https:\/\/www.thelins.se\/lisa\/blog\/uploaded_images\/PC240007-701522.JPG\" alt=\"\" border=\"0\" \/><\/a>D\u00e4r tr\u00e4ffade jag en konstig tomte som l\u00e4ste p\u00e5 paketen.<\/p>\n<p><a onblur=\"try {parent.deselectBloggerImageGracefully();} catch(e) {}\" href=\"https:\/\/www.thelins.se\/lisa\/blog\/uploaded_images\/PC240013-702591.JPG\"><img decoding=\"async\" style=\"margin: 0px auto 10px; display: block; text-align: center; cursor: pointer; width: 400px; height: 393px;\" src=\"https:\/\/www.thelins.se\/lisa\/blog\/uploaded_images\/PC240013-702575.JPG\" alt=\"\" border=\"0\" \/><\/a>Sn\u00f6ren och papper var kul, men en cykelhj\u00e4lm \u00e4r inte fel heller! Jag fick den, en cykelsadel och en massa annat skoj hos mormor och morfar.<\/p>\n<p><a onblur=\"try {parent.deselectBloggerImageGracefully();} catch(e) {}\" href=\"https:\/\/www.thelins.se\/lisa\/blog\/uploaded_images\/PC240018-760099.JPG\"><img decoding=\"async\" style=\"margin: 0px auto 10px; display: block; text-align: center; cursor: pointer; width: 300px; height: 400px;\" src=\"https:\/\/www.thelins.se\/lisa\/blog\/uploaded_images\/PC240018-759473.JPG\" alt=\"\" border=\"0\" \/><\/a>N\u00e4r vi hade varit hos mormor och morfar s\u00e5 \u00e5kte jag och pappa hem och sov lite. N\u00e4r jag piggnat till s\u00e5 kom en massa m\u00e4nniskor hem till oss och jag visade dem hur en riktig tomte ser ut!<\/p>\n<p><a onblur=\"try {parent.deselectBloggerImageGracefully();} catch(e) {}\" href=\"https:\/\/www.thelins.se\/lisa\/blog\/uploaded_images\/PC240022-760667.JPG\"><img decoding=\"async\" style=\"margin: 0px auto 10px; display: block; text-align: center; cursor: pointer; width: 400px; height: 397px;\" src=\"https:\/\/www.thelins.se\/lisa\/blog\/uploaded_images\/PC240022-760227.JPG\" alt=\"\" border=\"0\" \/><\/a>Sedan visade jag alla vad man f\u00e5r om man varit sn\u00e4ll. Ingen annan fick lika m\u00e5nga paket som jag, s\u00e5 jag m\u00e5ste varit sn\u00e4llast av alla jag k\u00e4nner!<\/p>\n<p><a onblur=\"try {parent.deselectBloggerImageGracefully();} catch(e) {}\" href=\"https:\/\/www.thelins.se\/lisa\/blog\/uploaded_images\/PC240027-723280.JPG\"><img decoding=\"async\" style=\"margin: 0px auto 10px; display: block; text-align: center; cursor: pointer; width: 400px; height: 300px;\" src=\"https:\/\/www.thelins.se\/lisa\/blog\/uploaded_images\/PC240027-722499.JPG\" alt=\"\" border=\"0\" \/><\/a>N\u00e4r vi \u00f6ppnat paketen s\u00e5 blev det mer mat, sedan somnade jag&#8230;<\/p>\n<p>\/Lisa<\/p>\n","protected":false},"excerpt":{"rendered":"<p>>Hej alla, Nu har det varit jul. Pust, vad mycket det var att g\u00f6ra &#8211; \u00f6ppna paket, leka lite, bita lite, \u00e4ta mat, bli uppkl\u00e4dd, h\u00e4lsa p\u00e5 en massa m\u00e4nniskor, \u00e5ka runt i bilen, och s\u00e5 vidare. Dagen b\u00f6rjade i alla fall hos farmor och farfar, d\u00e4r vi tr\u00e4ffade pappas farfar. Sedan \u00e5kte vi vidare&hellip;<\/p>\n","protected":false},"author":2,"featured_media":0,"comment_status":"closed","ping_status":"closed","sticky":false,"template":"","format":"standard","meta":{"footnotes":""},"categories":[1],"tags":[],"class_list":["post-27","post","type-post","status-publish","format-standard","hentry","category-uncategorized"],"_links":{"self":[{"href":"https:\/\/www.thelins.se\/lisa\/blog\/wp-json\/wp\/v2\/posts\/27","targetHints":{"allow":["GET"]}}],"collection":[{"href":"https:\/\/www.thelins.se\/lisa\/blog\/wp-json\/wp\/v2\/posts"}],"about":[{"href":"https:\/\/www.thelins.se\/lisa\/blog\/wp-json\/wp\/v2\/types\/post"}],"author":[{"embeddable":true,"href":"https:\/\/www.thelins.se\/lisa\/blog\/wp-json\/wp\/v2\/users\/2"}],"replies":[{"embeddable":true,"href":"https:\/\/www.thelins.se\/lisa\/blog\/wp-json\/wp\/v2\/comments?post=27"}],"version-history":[{"count":0,"href":"https:\/\/www.thelins.se\/lisa\/blog\/wp-json\/wp\/v2\/posts\/27\/revisions"}],"wp:attachment":[{"href":"https:\/\/www.thelins.se\/lisa\/blog\/wp-json\/wp\/v2\/media?parent=27"}],"wp:term":[{"taxonomy":"category","embeddable":true,"href":"https:\/\/www.thelins.se\/lisa\/blog\/wp-json\/wp\/v2\/categories?post=27"},{"taxonomy":"post_tag","embeddable":true,"href":"https:\/\/www.thelins.se\/lisa\/blog\/wp-json\/wp\/v2\/tags?post=27"}],"curies":[{"name":"wp","href":"https:\/\/api.w.org\/{rel}","templated":true}]}}