{"id":262,"date":"2010-05-03T10:22:18","date_gmt":"2010-05-03T08:22:18","guid":{"rendered":"http:\/\/www.thelins.se\/lisa\/blog\/?p=262"},"modified":"2010-05-03T10:22:18","modified_gmt":"2010-05-03T08:22:18","slug":"pa-morgonen-pa-min-fodelsedag","status":"publish","type":"post","link":"https:\/\/www.thelins.se\/lisa\/blog\/2010\/05\/pa-morgonen-pa-min-fodelsedag\/","title":{"rendered":"P\u00e5 morgonen p\u00e5 min f\u00f6delsedag"},"content":{"rendered":"<p>Hej alla,<\/p>\n<p>Ig\u00e5r fyllde jag tv\u00e5 \u00e5r. Det var kul! Det var kalas hela dagen och n\u00e4stan alla jag k\u00e4nner kom och h\u00e4lsade p\u00e5.<\/p>\n<p>F\u00f6rst p\u00e5 morgonen s\u00e5 fick jag n\u00e5gra sm\u00e5 paket innan vi gick ut och skulle leka vid sandl\u00e5dan. D\u00e5 hade mamma och pappa st\u00e4llt dit en gungst\u00e4llning d\u00e4r &#8211; tokigt roligt!<\/p>\n<p><a href=\"https:\/\/www.thelins.se\/lisa\/blog\/wp-content\/uploads\/2010\/05\/P1000727.jpg\"><img loading=\"lazy\" decoding=\"async\" class=\"aligncenter size-medium wp-image-274\" title=\"P1000727\" src=\"https:\/\/www.thelins.se\/lisa\/blog\/wp-content\/uploads\/2010\/05\/P1000727-300x225.jpg\" alt=\"\" width=\"300\" height=\"225\" srcset=\"https:\/\/www.thelins.se\/lisa\/blog\/wp-content\/uploads\/2010\/05\/P1000727-300x225.jpg 300w, https:\/\/www.thelins.se\/lisa\/blog\/wp-content\/uploads\/2010\/05\/P1000727-150x112.jpg 150w, https:\/\/www.thelins.se\/lisa\/blog\/wp-content\/uploads\/2010\/05\/P1000727.jpg 800w\" sizes=\"auto, (max-width: 300px) 100vw, 300px\" \/><\/a><\/p>\n<p>En bra sak med gungorna var att det fanns en dubbelgunga s\u00e5 att jag och pappa kunde gunga tillsammans. Skoj!<\/p>\n<p><a href=\"https:\/\/www.thelins.se\/lisa\/blog\/wp-content\/uploads\/2010\/05\/P1000745.jpg\"><img loading=\"lazy\" decoding=\"async\" class=\"aligncenter size-medium wp-image-276\" title=\"P1000745\" src=\"https:\/\/www.thelins.se\/lisa\/blog\/wp-content\/uploads\/2010\/05\/P1000745-300x225.jpg\" alt=\"\" width=\"300\" height=\"225\" srcset=\"https:\/\/www.thelins.se\/lisa\/blog\/wp-content\/uploads\/2010\/05\/P1000745-300x225.jpg 300w, https:\/\/www.thelins.se\/lisa\/blog\/wp-content\/uploads\/2010\/05\/P1000745-150x112.jpg 150w, https:\/\/www.thelins.se\/lisa\/blog\/wp-content\/uploads\/2010\/05\/P1000745.jpg 800w\" sizes=\"auto, (max-width: 300px) 100vw, 300px\" \/><\/a><\/p>\n<p>\/L<\/p>\n","protected":false},"excerpt":{"rendered":"<p>Hej alla, Ig\u00e5r fyllde jag tv\u00e5 \u00e5r. Det var kul! Det var kalas hela dagen och n\u00e4stan alla jag k\u00e4nner kom och h\u00e4lsade p\u00e5. F\u00f6rst p\u00e5 morgonen s\u00e5 fick jag n\u00e5gra sm\u00e5 paket innan vi gick ut och skulle leka vid sandl\u00e5dan. D\u00e5 hade mamma och pappa st\u00e4llt dit en gungst\u00e4llning d\u00e4r &#8211; tokigt roligt!&hellip;<\/p>\n","protected":false},"author":2,"featured_media":0,"comment_status":"closed","ping_status":"closed","sticky":false,"template":"","format":"standard","meta":{"footnotes":""},"categories":[1],"tags":[],"class_list":["post-262","post","type-post","status-publish","format-standard","hentry","category-uncategorized"],"_links":{"self":[{"href":"https:\/\/www.thelins.se\/lisa\/blog\/wp-json\/wp\/v2\/posts\/262","targetHints":{"allow":["GET"]}}],"collection":[{"href":"https:\/\/www.thelins.se\/lisa\/blog\/wp-json\/wp\/v2\/posts"}],"about":[{"href":"https:\/\/www.thelins.se\/lisa\/blog\/wp-json\/wp\/v2\/types\/post"}],"author":[{"embeddable":true,"href":"https:\/\/www.thelins.se\/lisa\/blog\/wp-json\/wp\/v2\/users\/2"}],"replies":[{"embeddable":true,"href":"https:\/\/www.thelins.se\/lisa\/blog\/wp-json\/wp\/v2\/comments?post=262"}],"version-history":[{"count":6,"href":"https:\/\/www.thelins.se\/lisa\/blog\/wp-json\/wp\/v2\/posts\/262\/revisions"}],"predecessor-version":[{"id":281,"href":"https:\/\/www.thelins.se\/lisa\/blog\/wp-json\/wp\/v2\/posts\/262\/revisions\/281"}],"wp:attachment":[{"href":"https:\/\/www.thelins.se\/lisa\/blog\/wp-json\/wp\/v2\/media?parent=262"}],"wp:term":[{"taxonomy":"category","embeddable":true,"href":"https:\/\/www.thelins.se\/lisa\/blog\/wp-json\/wp\/v2\/categories?post=262"},{"taxonomy":"post_tag","embeddable":true,"href":"https:\/\/www.thelins.se\/lisa\/blog\/wp-json\/wp\/v2\/tags?post=262"}],"curies":[{"name":"wp","href":"https:\/\/api.w.org\/{rel}","templated":true}]}}