{"id":26,"date":"2008-12-14T18:14:00","date_gmt":"2008-12-14T16:14:00","guid":{"rendered":"http:\/\/www.thelins.se\/lisa\/blog\/2008\/12\/lucia\/"},"modified":"2008-12-14T18:14:00","modified_gmt":"2008-12-14T16:14:00","slug":"lucia","status":"publish","type":"post","link":"https:\/\/www.thelins.se\/lisa\/blog\/2008\/12\/lucia\/","title":{"rendered":">Lucia"},"content":{"rendered":"<p>>Hej alla,<\/p>\n<p>Jag har varit p\u00e5 mitt f\u00f6rsta lusset\u00e5g. Konstigt att det kallas t\u00e5g n\u00e4r det bara \u00e4r en person. Jag var i alla fall t\u00e4rna och det var kul.<\/p>\n<p><a href=\"https:\/\/www.thelins.se\/lisa\/blog\/uploaded_images\/PC140064-700030.JPG\"><img decoding=\"async\" style=\"DISPLAY: block; MARGIN: 0px auto 10px; WIDTH: 300px; CURSOR: hand; HEIGHT: 400px; TEXT-ALIGN: center\" alt=\"\" src=\"https:\/\/www.thelins.se\/lisa\/blog\/uploaded_images\/PC140064-798955.JPG\" border=\"0\" \/><\/a><br \/>\/Lisa<\/p>\n","protected":false},"excerpt":{"rendered":"<p>>Hej alla, Jag har varit p\u00e5 mitt f\u00f6rsta lusset\u00e5g. Konstigt att det kallas t\u00e5g n\u00e4r det bara \u00e4r en person. Jag var i alla fall t\u00e4rna och det var kul. \/Lisa<\/p>\n","protected":false},"author":2,"featured_media":0,"comment_status":"closed","ping_status":"closed","sticky":false,"template":"","format":"standard","meta":{"footnotes":""},"categories":[1],"tags":[],"class_list":["post-26","post","type-post","status-publish","format-standard","hentry","category-uncategorized"],"_links":{"self":[{"href":"https:\/\/www.thelins.se\/lisa\/blog\/wp-json\/wp\/v2\/posts\/26","targetHints":{"allow":["GET"]}}],"collection":[{"href":"https:\/\/www.thelins.se\/lisa\/blog\/wp-json\/wp\/v2\/posts"}],"about":[{"href":"https:\/\/www.thelins.se\/lisa\/blog\/wp-json\/wp\/v2\/types\/post"}],"author":[{"embeddable":true,"href":"https:\/\/www.thelins.se\/lisa\/blog\/wp-json\/wp\/v2\/users\/2"}],"replies":[{"embeddable":true,"href":"https:\/\/www.thelins.se\/lisa\/blog\/wp-json\/wp\/v2\/comments?post=26"}],"version-history":[{"count":0,"href":"https:\/\/www.thelins.se\/lisa\/blog\/wp-json\/wp\/v2\/posts\/26\/revisions"}],"wp:attachment":[{"href":"https:\/\/www.thelins.se\/lisa\/blog\/wp-json\/wp\/v2\/media?parent=26"}],"wp:term":[{"taxonomy":"category","embeddable":true,"href":"https:\/\/www.thelins.se\/lisa\/blog\/wp-json\/wp\/v2\/categories?post=26"},{"taxonomy":"post_tag","embeddable":true,"href":"https:\/\/www.thelins.se\/lisa\/blog\/wp-json\/wp\/v2\/tags?post=26"}],"curies":[{"name":"wp","href":"https:\/\/api.w.org\/{rel}","templated":true}]}}