{"id":25,"date":"2008-12-12T08:27:00","date_gmt":"2008-12-12T06:27:00","guid":{"rendered":"http:\/\/www.thelins.se\/lisa\/blog\/2008\/12\/smakryp\/"},"modified":"2008-12-12T08:27:00","modified_gmt":"2008-12-12T06:27:00","slug":"smakryp","status":"publish","type":"post","link":"https:\/\/www.thelins.se\/lisa\/blog\/2008\/12\/smakryp\/","title":{"rendered":">Sm\u00e5kryp"},"content":{"rendered":"<p>>Hej alla,<\/p>\n<p>Det h\u00e4nder mycket nu, s\u00e5 jag har missat att ber\u00e4tta n\u00e5got roligt. Jag har \u00f6vat och \u00f6vat och \u00f6vat och till sist s\u00e5 f\u00e5r inte mamma och pappa n\u00e5gon ro l\u00e4ngre.<\/p>\n<p><a onblur=\"try {parent.deselectBloggerImageGracefully();} catch(e) {}\" href=\"https:\/\/www.thelins.se\/lisa\/blog\/uploaded_images\/del-1-798012.jpg\"><img decoding=\"async\" style=\"margin: 0px auto 10px; display: block; text-align: center; cursor: pointer; width: 400px; height: 292px;\" src=\"https:\/\/www.thelins.se\/lisa\/blog\/uploaded_images\/del-1-797998.jpg\" alt=\"\" border=\"0\" \/><\/a><br \/>Varf\u00f6r? Jo, f\u00f6r jag har l\u00e4rt mig att krypa fram, eller \u00e5la i alla fall. Mycket praktiskt, f\u00f6r nu kan man komma precis dit man vill och smaka p\u00e5 allt intressant utan att beh\u00f6va be om lov.<\/p>\n<p><a onblur=\"try {parent.deselectBloggerImageGracefully();} catch(e) {}\" href=\"https:\/\/www.thelins.se\/lisa\/blog\/uploaded_images\/del2-798057.jpg\"><img decoding=\"async\" style=\"margin: 0px auto 10px; display: block; text-align: center; cursor: pointer; width: 400px; height: 292px;\" src=\"https:\/\/www.thelins.se\/lisa\/blog\/uploaded_images\/del2-798050.jpg\" alt=\"\" border=\"0\" \/><\/a><br \/>S\u00e5 vad \u00e4r det jag vill smaka p\u00e5 d\u00e5? Stolsben, pappas och mammas byxor, glas\u00f6gon, l\u00e5dor och mattkanter. Bara s\u00e5 att ni vet.<\/p>\n<p>\/Lisa<\/p>\n","protected":false},"excerpt":{"rendered":"<p>>Hej alla, Det h\u00e4nder mycket nu, s\u00e5 jag har missat att ber\u00e4tta n\u00e5got roligt. Jag har \u00f6vat och \u00f6vat och \u00f6vat och till sist s\u00e5 f\u00e5r inte mamma och pappa n\u00e5gon ro l\u00e4ngre. Varf\u00f6r? Jo, f\u00f6r jag har l\u00e4rt mig att krypa fram, eller \u00e5la i alla fall. Mycket praktiskt, f\u00f6r nu kan man komma&hellip;<\/p>\n","protected":false},"author":2,"featured_media":0,"comment_status":"closed","ping_status":"closed","sticky":false,"template":"","format":"standard","meta":{"footnotes":""},"categories":[1],"tags":[],"class_list":["post-25","post","type-post","status-publish","format-standard","hentry","category-uncategorized"],"_links":{"self":[{"href":"https:\/\/www.thelins.se\/lisa\/blog\/wp-json\/wp\/v2\/posts\/25","targetHints":{"allow":["GET"]}}],"collection":[{"href":"https:\/\/www.thelins.se\/lisa\/blog\/wp-json\/wp\/v2\/posts"}],"about":[{"href":"https:\/\/www.thelins.se\/lisa\/blog\/wp-json\/wp\/v2\/types\/post"}],"author":[{"embeddable":true,"href":"https:\/\/www.thelins.se\/lisa\/blog\/wp-json\/wp\/v2\/users\/2"}],"replies":[{"embeddable":true,"href":"https:\/\/www.thelins.se\/lisa\/blog\/wp-json\/wp\/v2\/comments?post=25"}],"version-history":[{"count":0,"href":"https:\/\/www.thelins.se\/lisa\/blog\/wp-json\/wp\/v2\/posts\/25\/revisions"}],"wp:attachment":[{"href":"https:\/\/www.thelins.se\/lisa\/blog\/wp-json\/wp\/v2\/media?parent=25"}],"wp:term":[{"taxonomy":"category","embeddable":true,"href":"https:\/\/www.thelins.se\/lisa\/blog\/wp-json\/wp\/v2\/categories?post=25"},{"taxonomy":"post_tag","embeddable":true,"href":"https:\/\/www.thelins.se\/lisa\/blog\/wp-json\/wp\/v2\/tags?post=25"}],"curies":[{"name":"wp","href":"https:\/\/api.w.org\/{rel}","templated":true}]}}