{"id":24,"date":"2008-12-11T11:32:00","date_gmt":"2008-12-11T09:32:00","guid":{"rendered":"http:\/\/www.thelins.se\/lisa\/blog\/2008\/12\/tand\/"},"modified":"2008-12-11T11:32:00","modified_gmt":"2008-12-11T09:32:00","slug":"tand","status":"publish","type":"post","link":"https:\/\/www.thelins.se\/lisa\/blog\/2008\/12\/tand\/","title":{"rendered":">Tand"},"content":{"rendered":"<p>>Hej alla,<\/p>\n<p>Jag t\u00e4nkte bara tala om att mamma och pappa fick en \u00f6verraskning i b\u00f6rjan av veckan. Nu kan jag bitas! En liten tand b\u00f6rjar titta fram, men man f\u00e5r jobba f\u00f6r att f\u00e5 se den. Det roligaste \u00e4r att str\u00e4cka lite p\u00e5 tungan n\u00e4r n\u00e5gon f\u00f6rs\u00f6ker titta &#8211; se sj\u00e4lva p\u00e5 kortet.<\/p>\n<p><a onblur=\"try {parent.deselectBloggerImageGracefully();} catch(e) {}\" href=\"https:\/\/www.thelins.se\/lisa\/blog\/uploaded_images\/20081210024-769861.jpg\"><img decoding=\"async\" style=\"margin: 0px auto 10px; display: block; text-align: center; cursor: pointer; width: 400px; height: 300px;\" src=\"https:\/\/www.thelins.se\/lisa\/blog\/uploaded_images\/20081210024-769346.jpg\" alt=\"\" border=\"0\" \/><\/a><br \/>\/Lisa<\/p>\n","protected":false},"excerpt":{"rendered":"<p>>Hej alla, Jag t\u00e4nkte bara tala om att mamma och pappa fick en \u00f6verraskning i b\u00f6rjan av veckan. Nu kan jag bitas! En liten tand b\u00f6rjar titta fram, men man f\u00e5r jobba f\u00f6r att f\u00e5 se den. Det roligaste \u00e4r att str\u00e4cka lite p\u00e5 tungan n\u00e4r n\u00e5gon f\u00f6rs\u00f6ker titta &#8211; se sj\u00e4lva p\u00e5 kortet. \/Lisa<\/p>\n","protected":false},"author":2,"featured_media":0,"comment_status":"closed","ping_status":"closed","sticky":false,"template":"","format":"standard","meta":{"footnotes":""},"categories":[1],"tags":[],"class_list":["post-24","post","type-post","status-publish","format-standard","hentry","category-uncategorized"],"_links":{"self":[{"href":"https:\/\/www.thelins.se\/lisa\/blog\/wp-json\/wp\/v2\/posts\/24","targetHints":{"allow":["GET"]}}],"collection":[{"href":"https:\/\/www.thelins.se\/lisa\/blog\/wp-json\/wp\/v2\/posts"}],"about":[{"href":"https:\/\/www.thelins.se\/lisa\/blog\/wp-json\/wp\/v2\/types\/post"}],"author":[{"embeddable":true,"href":"https:\/\/www.thelins.se\/lisa\/blog\/wp-json\/wp\/v2\/users\/2"}],"replies":[{"embeddable":true,"href":"https:\/\/www.thelins.se\/lisa\/blog\/wp-json\/wp\/v2\/comments?post=24"}],"version-history":[{"count":0,"href":"https:\/\/www.thelins.se\/lisa\/blog\/wp-json\/wp\/v2\/posts\/24\/revisions"}],"wp:attachment":[{"href":"https:\/\/www.thelins.se\/lisa\/blog\/wp-json\/wp\/v2\/media?parent=24"}],"wp:term":[{"taxonomy":"category","embeddable":true,"href":"https:\/\/www.thelins.se\/lisa\/blog\/wp-json\/wp\/v2\/categories?post=24"},{"taxonomy":"post_tag","embeddable":true,"href":"https:\/\/www.thelins.se\/lisa\/blog\/wp-json\/wp\/v2\/tags?post=24"}],"curies":[{"name":"wp","href":"https:\/\/api.w.org\/{rel}","templated":true}]}}