{"id":23,"date":"2008-11-28T21:27:00","date_gmt":"2008-11-28T19:27:00","guid":{"rendered":"http:\/\/www.thelins.se\/lisa\/blog\/2008\/11\/djupdykning\/"},"modified":"2008-11-28T21:27:00","modified_gmt":"2008-11-28T19:27:00","slug":"djupdykning","status":"publish","type":"post","link":"https:\/\/www.thelins.se\/lisa\/blog\/2008\/11\/djupdykning\/","title":{"rendered":">Djupdykning"},"content":{"rendered":"<p>>Hej alla,<\/p>\n<p>Som ni redan vet s\u00e5 badar jag ju p\u00e5 s\u00f6ndagar. En grej som jag och de andra bebisarna g\u00f6r d\u00e5 \u00e4r att vi dyker. Inte s\u00e5 roligt alla g\u00e5nger, men det g\u00e5r an. Senast s\u00e5 var en kul farbror med kamera med och tog kort.<\/p>\n<p><a onblur=\"try {parent.deselectBloggerImageGracefully();} catch(e) {}\" href=\"https:\/\/www.thelins.se\/lisa\/blog\/uploaded_images\/8-776300.jpeg\"><img decoding=\"async\" style=\"margin: 0px auto 10px; display: block; text-align: center; cursor: pointer; width: 300px; height: 400px;\" src=\"https:\/\/www.thelins.se\/lisa\/blog\/uploaded_images\/8-775639.jpeg\" alt=\"\" border=\"0\" \/><\/a><br \/><a onblur=\"try {parent.deselectBloggerImageGracefully();} catch(e) {}\" href=\"https:\/\/www.thelins.se\/lisa\/blog\/uploaded_images\/4-775402.jpeg\"><img decoding=\"async\" style=\"margin: 0px auto 10px; display: block; text-align: center; cursor: pointer; width: 300px; height: 400px;\" src=\"https:\/\/www.thelins.se\/lisa\/blog\/uploaded_images\/4-773973.jpeg\" alt=\"\" border=\"0\" \/><\/a><br \/>\/Lisa<\/p>\n","protected":false},"excerpt":{"rendered":"<p>>Hej alla, Som ni redan vet s\u00e5 badar jag ju p\u00e5 s\u00f6ndagar. En grej som jag och de andra bebisarna g\u00f6r d\u00e5 \u00e4r att vi dyker. Inte s\u00e5 roligt alla g\u00e5nger, men det g\u00e5r an. Senast s\u00e5 var en kul farbror med kamera med och tog kort. \/Lisa<\/p>\n","protected":false},"author":2,"featured_media":0,"comment_status":"closed","ping_status":"closed","sticky":false,"template":"","format":"standard","meta":{"footnotes":""},"categories":[1],"tags":[],"class_list":["post-23","post","type-post","status-publish","format-standard","hentry","category-uncategorized"],"_links":{"self":[{"href":"https:\/\/www.thelins.se\/lisa\/blog\/wp-json\/wp\/v2\/posts\/23","targetHints":{"allow":["GET"]}}],"collection":[{"href":"https:\/\/www.thelins.se\/lisa\/blog\/wp-json\/wp\/v2\/posts"}],"about":[{"href":"https:\/\/www.thelins.se\/lisa\/blog\/wp-json\/wp\/v2\/types\/post"}],"author":[{"embeddable":true,"href":"https:\/\/www.thelins.se\/lisa\/blog\/wp-json\/wp\/v2\/users\/2"}],"replies":[{"embeddable":true,"href":"https:\/\/www.thelins.se\/lisa\/blog\/wp-json\/wp\/v2\/comments?post=23"}],"version-history":[{"count":0,"href":"https:\/\/www.thelins.se\/lisa\/blog\/wp-json\/wp\/v2\/posts\/23\/revisions"}],"wp:attachment":[{"href":"https:\/\/www.thelins.se\/lisa\/blog\/wp-json\/wp\/v2\/media?parent=23"}],"wp:term":[{"taxonomy":"category","embeddable":true,"href":"https:\/\/www.thelins.se\/lisa\/blog\/wp-json\/wp\/v2\/categories?post=23"},{"taxonomy":"post_tag","embeddable":true,"href":"https:\/\/www.thelins.se\/lisa\/blog\/wp-json\/wp\/v2\/tags?post=23"}],"curies":[{"name":"wp","href":"https:\/\/api.w.org\/{rel}","templated":true}]}}