{"id":22,"date":"2008-11-09T17:37:00","date_gmt":"2008-11-09T15:37:00","guid":{"rendered":"http:\/\/www.thelins.se\/lisa\/blog\/2008\/11\/dubbelbad\/"},"modified":"2008-11-09T17:37:00","modified_gmt":"2008-11-09T15:37:00","slug":"dubbelbad","status":"publish","type":"post","link":"https:\/\/www.thelins.se\/lisa\/blog\/2008\/11\/dubbelbad\/","title":{"rendered":">Dubbelbad"},"content":{"rendered":"<p>>Hej alla,<\/p>\n<p><a onblur=\"try {parent.deselectBloggerImageGracefully();} catch(e) {}\" href=\"https:\/\/www.thelins.se\/lisa\/blog\/uploaded_images\/Lisa-badar-785683.jpg\"><img decoding=\"async\" style=\"margin: 0px auto 10px; display: block; text-align: center; cursor: pointer; width: 300px; height: 400px;\" src=\"https:\/\/www.thelins.se\/lisa\/blog\/uploaded_images\/Lisa-badar-785678.jpg\" alt=\"\" border=\"0\" \/><\/a><br \/>Idag var vi och badade i simhallen &#8211; roligt roligt. Sedan n\u00e4r vi kom hem, s\u00e5 tog mamma av mig bl\u00f6jan precis n\u00e4r jag var som n\u00f6digast. Det blev bl\u00f6tt igen och jag fick snabbada i handfatet. Mysigt men lite begr\u00e4nsat med plats, s\u00e4rskilt n\u00e4r man ska plaska. Pappa fick torka golvet efter\u00e5t.<\/p>\n<p>\/Lisa<\/p>\n","protected":false},"excerpt":{"rendered":"<p>>Hej alla, Idag var vi och badade i simhallen &#8211; roligt roligt. Sedan n\u00e4r vi kom hem, s\u00e5 tog mamma av mig bl\u00f6jan precis n\u00e4r jag var som n\u00f6digast. Det blev bl\u00f6tt igen och jag fick snabbada i handfatet. Mysigt men lite begr\u00e4nsat med plats, s\u00e4rskilt n\u00e4r man ska plaska. Pappa fick torka golvet efter\u00e5t.&hellip;<\/p>\n","protected":false},"author":2,"featured_media":0,"comment_status":"closed","ping_status":"closed","sticky":false,"template":"","format":"standard","meta":{"footnotes":""},"categories":[1],"tags":[],"class_list":["post-22","post","type-post","status-publish","format-standard","hentry","category-uncategorized"],"_links":{"self":[{"href":"https:\/\/www.thelins.se\/lisa\/blog\/wp-json\/wp\/v2\/posts\/22","targetHints":{"allow":["GET"]}}],"collection":[{"href":"https:\/\/www.thelins.se\/lisa\/blog\/wp-json\/wp\/v2\/posts"}],"about":[{"href":"https:\/\/www.thelins.se\/lisa\/blog\/wp-json\/wp\/v2\/types\/post"}],"author":[{"embeddable":true,"href":"https:\/\/www.thelins.se\/lisa\/blog\/wp-json\/wp\/v2\/users\/2"}],"replies":[{"embeddable":true,"href":"https:\/\/www.thelins.se\/lisa\/blog\/wp-json\/wp\/v2\/comments?post=22"}],"version-history":[{"count":0,"href":"https:\/\/www.thelins.se\/lisa\/blog\/wp-json\/wp\/v2\/posts\/22\/revisions"}],"wp:attachment":[{"href":"https:\/\/www.thelins.se\/lisa\/blog\/wp-json\/wp\/v2\/media?parent=22"}],"wp:term":[{"taxonomy":"category","embeddable":true,"href":"https:\/\/www.thelins.se\/lisa\/blog\/wp-json\/wp\/v2\/categories?post=22"},{"taxonomy":"post_tag","embeddable":true,"href":"https:\/\/www.thelins.se\/lisa\/blog\/wp-json\/wp\/v2\/tags?post=22"}],"curies":[{"name":"wp","href":"https:\/\/api.w.org\/{rel}","templated":true}]}}