{"id":21,"date":"2008-10-26T21:23:00","date_gmt":"2008-10-26T19:23:00","guid":{"rendered":"http:\/\/www.thelins.se\/lisa\/blog\/2008\/10\/sitta-pa-axlarna\/"},"modified":"2008-10-26T21:23:00","modified_gmt":"2008-10-26T19:23:00","slug":"sitta-pa-axlarna","status":"publish","type":"post","link":"https:\/\/www.thelins.se\/lisa\/blog\/2008\/10\/sitta-pa-axlarna\/","title":{"rendered":">Sitta p\u00e5 axlarna"},"content":{"rendered":"<p>>Hej alla,<\/p>\n<p><a onblur=\"try {parent.deselectBloggerImageGracefully();} catch(e) {}\" href=\"https:\/\/www.thelins.se\/lisa\/blog\/uploaded_images\/DSC02653-732208.JPG\"><img decoding=\"async\" style=\"margin: 0px auto 10px; display: block; text-align: center; cursor: pointer; width: 300px; height: 400px;\" src=\"https:\/\/www.thelins.se\/lisa\/blog\/uploaded_images\/DSC02653-730966.JPG\" alt=\"\" border=\"0\" \/><\/a><br \/>Den h\u00e4r veckan har jag och pappa \u00f6vat p\u00e5 ett nytt trick: sitta p\u00e5 axlarna. Det har g\u00e5tt bra. I b\u00f6rjan ville pappa h\u00e5lla mig i h\u00e4nderna hela tiden, men nu har jag l\u00e4rt mig att luggas ordentligt. En g\u00e5ng rapade jag lite f\u00f6r mycket. D\u00e5 fick mamma torka kr\u00e4k ur pappas h\u00e5r. Nu kan jag det h\u00e4r i alla fall, och det \u00e4r kul med lite utsikt.<\/p>\n<p>\/Lisa<\/p>\n","protected":false},"excerpt":{"rendered":"<p>>Hej alla, Den h\u00e4r veckan har jag och pappa \u00f6vat p\u00e5 ett nytt trick: sitta p\u00e5 axlarna. Det har g\u00e5tt bra. I b\u00f6rjan ville pappa h\u00e5lla mig i h\u00e4nderna hela tiden, men nu har jag l\u00e4rt mig att luggas ordentligt. En g\u00e5ng rapade jag lite f\u00f6r mycket. D\u00e5 fick mamma torka kr\u00e4k ur pappas h\u00e5r.&hellip;<\/p>\n","protected":false},"author":2,"featured_media":0,"comment_status":"closed","ping_status":"closed","sticky":false,"template":"","format":"standard","meta":{"footnotes":""},"categories":[1],"tags":[],"class_list":["post-21","post","type-post","status-publish","format-standard","hentry","category-uncategorized"],"_links":{"self":[{"href":"https:\/\/www.thelins.se\/lisa\/blog\/wp-json\/wp\/v2\/posts\/21","targetHints":{"allow":["GET"]}}],"collection":[{"href":"https:\/\/www.thelins.se\/lisa\/blog\/wp-json\/wp\/v2\/posts"}],"about":[{"href":"https:\/\/www.thelins.se\/lisa\/blog\/wp-json\/wp\/v2\/types\/post"}],"author":[{"embeddable":true,"href":"https:\/\/www.thelins.se\/lisa\/blog\/wp-json\/wp\/v2\/users\/2"}],"replies":[{"embeddable":true,"href":"https:\/\/www.thelins.se\/lisa\/blog\/wp-json\/wp\/v2\/comments?post=21"}],"version-history":[{"count":0,"href":"https:\/\/www.thelins.se\/lisa\/blog\/wp-json\/wp\/v2\/posts\/21\/revisions"}],"wp:attachment":[{"href":"https:\/\/www.thelins.se\/lisa\/blog\/wp-json\/wp\/v2\/media?parent=21"}],"wp:term":[{"taxonomy":"category","embeddable":true,"href":"https:\/\/www.thelins.se\/lisa\/blog\/wp-json\/wp\/v2\/categories?post=21"},{"taxonomy":"post_tag","embeddable":true,"href":"https:\/\/www.thelins.se\/lisa\/blog\/wp-json\/wp\/v2\/tags?post=21"}],"curies":[{"name":"wp","href":"https:\/\/api.w.org\/{rel}","templated":true}]}}