{"id":20,"date":"2008-10-12T08:00:00","date_gmt":"2008-10-12T06:00:00","guid":{"rendered":"http:\/\/www.thelins.se\/lisa\/blog\/2008\/10\/doppresenter\/"},"modified":"2008-10-12T08:00:00","modified_gmt":"2008-10-12T06:00:00","slug":"doppresenter","status":"publish","type":"post","link":"https:\/\/www.thelins.se\/lisa\/blog\/2008\/10\/doppresenter\/","title":{"rendered":">Doppresenter"},"content":{"rendered":"<p>>Hej,<\/p>\n<p>Som ni vet d\u00f6ptes jag f\u00f6r en vecka sedan och sist s\u00e5 lovade jag ju att skriva lite om inneh\u00e5llet i alla fina paket. Men f\u00f6rst t\u00e4nkte jag visa en bild p\u00e5 mig med kl\u00e4derna jag hade under dopfesten. Betydligt mer praktiskt \u00e4n en kl\u00e4nning som \u00e4r tre g\u00e5nger l\u00e4ngre \u00e4n jag.<\/p>\n<p><a onblur=\"try {parent.deselectBloggerImageGracefully();} catch(e) {}\" href=\"https:\/\/www.thelins.se\/lisa\/blog\/uploaded_images\/PA020028-768593.JPG\"><img decoding=\"async\" style=\"margin: 0px auto 10px; display: block; text-align: center; cursor: pointer;\" src=\"https:\/\/www.thelins.se\/lisa\/blog\/uploaded_images\/PA020028-768561.JPG\" alt=\"\" border=\"0\" \/><\/a>Det var en massa roligt i paketen. Tallrikar, tr\u00e4d, Bamse, b\u00f6cker, smycken, speldosa och en massa mer.<\/p>\n<p><a onblur=\"try {parent.deselectBloggerImageGracefully();} catch(e) {}\" href=\"https:\/\/www.thelins.se\/lisa\/blog\/uploaded_images\/PA060036-798723.JPG\"><img decoding=\"async\" style=\"margin: 0px auto 10px; display: block; text-align: center; cursor: pointer;\" src=\"https:\/\/www.thelins.se\/lisa\/blog\/uploaded_images\/PA060036-798690.JPG\" alt=\"\" border=\"0\" \/><\/a>Det st\u00f6rsta paketet jag fick inneh\u00f6ll en stol. Den var trevlig, men lite bred i sitsen. Vi f\u00e5r se om jag vuxit i den fram\u00e5t jul.<\/p>\n<p><a onblur=\"try {parent.deselectBloggerImageGracefully();} catch(e) {}\" href=\"https:\/\/www.thelins.se\/lisa\/blog\/uploaded_images\/PA020035-798657.JPG\"><img decoding=\"async\" style=\"margin: 0px auto 10px; display: block; text-align: center; cursor: pointer;\" src=\"https:\/\/www.thelins.se\/lisa\/blog\/uploaded_images\/PA020035-798620.JPG\" alt=\"\" border=\"0\" \/><\/a>Fr\u00e5n min italienska kontakt s\u00e5 fick jag &#8211; en svensk tr\u00e4leksak. Roligt roligt.  Nu ska jag bara l\u00e4ra mig krypa ordentligt s\u00e5 att jag kan f\u00e5nga in den.<\/p>\n<p><a onblur=\"try {parent.deselectBloggerImageGracefully();} catch(e) {}\" href=\"https:\/\/www.thelins.se\/lisa\/blog\/uploaded_images\/PA020030-768657.JPG\"><img decoding=\"async\" style=\"margin: 0px auto 10px; display: block; text-align: center; cursor: pointer;\" src=\"https:\/\/www.thelins.se\/lisa\/blog\/uploaded_images\/PA020030-768625.JPG\" alt=\"\" border=\"0\" \/><\/a><br \/>\/Lisa<\/p>\n","protected":false},"excerpt":{"rendered":"<p>>Hej, Som ni vet d\u00f6ptes jag f\u00f6r en vecka sedan och sist s\u00e5 lovade jag ju att skriva lite om inneh\u00e5llet i alla fina paket. Men f\u00f6rst t\u00e4nkte jag visa en bild p\u00e5 mig med kl\u00e4derna jag hade under dopfesten. Betydligt mer praktiskt \u00e4n en kl\u00e4nning som \u00e4r tre g\u00e5nger l\u00e4ngre \u00e4n jag. Det var&hellip;<\/p>\n","protected":false},"author":2,"featured_media":0,"comment_status":"closed","ping_status":"closed","sticky":false,"template":"","format":"standard","meta":{"footnotes":""},"categories":[1],"tags":[],"class_list":["post-20","post","type-post","status-publish","format-standard","hentry","category-uncategorized"],"_links":{"self":[{"href":"https:\/\/www.thelins.se\/lisa\/blog\/wp-json\/wp\/v2\/posts\/20","targetHints":{"allow":["GET"]}}],"collection":[{"href":"https:\/\/www.thelins.se\/lisa\/blog\/wp-json\/wp\/v2\/posts"}],"about":[{"href":"https:\/\/www.thelins.se\/lisa\/blog\/wp-json\/wp\/v2\/types\/post"}],"author":[{"embeddable":true,"href":"https:\/\/www.thelins.se\/lisa\/blog\/wp-json\/wp\/v2\/users\/2"}],"replies":[{"embeddable":true,"href":"https:\/\/www.thelins.se\/lisa\/blog\/wp-json\/wp\/v2\/comments?post=20"}],"version-history":[{"count":0,"href":"https:\/\/www.thelins.se\/lisa\/blog\/wp-json\/wp\/v2\/posts\/20\/revisions"}],"wp:attachment":[{"href":"https:\/\/www.thelins.se\/lisa\/blog\/wp-json\/wp\/v2\/media?parent=20"}],"wp:term":[{"taxonomy":"category","embeddable":true,"href":"https:\/\/www.thelins.se\/lisa\/blog\/wp-json\/wp\/v2\/categories?post=20"},{"taxonomy":"post_tag","embeddable":true,"href":"https:\/\/www.thelins.se\/lisa\/blog\/wp-json\/wp\/v2\/tags?post=20"}],"curies":[{"name":"wp","href":"https:\/\/api.w.org\/{rel}","templated":true}]}}