{"id":19,"date":"2008-10-10T14:15:00","date_gmt":"2008-10-10T12:15:00","guid":{"rendered":"http:\/\/www.thelins.se\/lisa\/blog\/2008\/10\/dopt\/"},"modified":"2008-10-10T14:15:00","modified_gmt":"2008-10-10T12:15:00","slug":"dopt","status":"publish","type":"post","link":"https:\/\/www.thelins.se\/lisa\/blog\/2008\/10\/dopt\/","title":{"rendered":">D\u00f6pt"},"content":{"rendered":"<p>>Hej,<\/p>\n<p>Nu i helgen var jag och d\u00f6pte mig. Ganska kul, men jag somnade till lite i kyrkan. Det kom en massa m\u00e4nniskor och ville titta p\u00e5. Se sj\u00e4lva!<\/p>\n<p><a onblur=\"try {parent.deselectBloggerImageGracefully();} catch(e) {}\" href=\"https:\/\/www.thelins.se\/lisa\/blog\/uploaded_images\/Picture-023-722414.jpg\"><img decoding=\"async\" style=\"margin: 0px auto 10px; display: block; text-align: center; cursor: pointer;\" src=\"https:\/\/www.thelins.se\/lisa\/blog\/uploaded_images\/Picture-023-722411.jpg\" alt=\"\" border=\"0\" \/><\/a>I kyrkan fick jag vara hos mina faddrar: farbror Patrik och moster Lena.<\/p>\n<p><a onblur=\"try {parent.deselectBloggerImageGracefully();} catch(e) {}\" href=\"https:\/\/www.thelins.se\/lisa\/blog\/uploaded_images\/Picture_045-781249.jpg\"><img decoding=\"async\" style=\"margin: 0px auto 10px; display: block; text-align: center; cursor: pointer;\" src=\"https:\/\/www.thelins.se\/lisa\/blog\/uploaded_images\/Picture_045-781246.jpg\" alt=\"\" border=\"0\" \/><\/a>Mamma och pappa var ocks\u00e5 med. H\u00e4r st\u00e5r vi alla efter\u00e5t.<\/p>\n<p><a onblur=\"try {parent.deselectBloggerImageGracefully();} catch(e) {}\" href=\"https:\/\/www.thelins.se\/lisa\/blog\/uploaded_images\/Picture_053-781278.jpg\"><img decoding=\"async\" style=\"margin: 0px auto 10px; display: block; text-align: center; cursor: pointer;\" src=\"https:\/\/www.thelins.se\/lisa\/blog\/uploaded_images\/Picture_053-781275.jpg\" alt=\"\" border=\"0\" \/><\/a>N\u00e4r vi kom hem s\u00e5 blev det paj och t\u00e5rta.<\/p>\n<p><a onblur=\"try {parent.deselectBloggerImageGracefully();} catch(e) {}\" href=\"https:\/\/www.thelins.se\/lisa\/blog\/uploaded_images\/Picture_054-738950.jpg\"><img decoding=\"async\" style=\"margin: 0px auto 10px; display: block; text-align: center; cursor: pointer;\" src=\"https:\/\/www.thelins.se\/lisa\/blog\/uploaded_images\/Picture_054-738946.jpg\" alt=\"\" border=\"0\" \/><\/a>Jag fick en massa paket, men de t\u00e4nkte jag skriva om lite senare.<\/p>\n<p><a onblur=\"try {parent.deselectBloggerImageGracefully();} catch(e) {}\" href=\"https:\/\/www.thelins.se\/lisa\/blog\/uploaded_images\/PA020012-739018.JPG\"><img decoding=\"async\" style=\"margin: 0px auto 10px; display: block; text-align: center; cursor: pointer;\" src=\"https:\/\/www.thelins.se\/lisa\/blog\/uploaded_images\/PA020012-738982.JPG\" alt=\"\" border=\"0\" \/><\/a>P\u00e5 det hela taget en riktigt rolig dag.<\/p>\n<p>\/Lisa<\/p>\n","protected":false},"excerpt":{"rendered":"<p>>Hej, Nu i helgen var jag och d\u00f6pte mig. Ganska kul, men jag somnade till lite i kyrkan. Det kom en massa m\u00e4nniskor och ville titta p\u00e5. Se sj\u00e4lva! I kyrkan fick jag vara hos mina faddrar: farbror Patrik och moster Lena. Mamma och pappa var ocks\u00e5 med. H\u00e4r st\u00e5r vi alla efter\u00e5t. N\u00e4r vi&hellip;<\/p>\n","protected":false},"author":2,"featured_media":0,"comment_status":"closed","ping_status":"closed","sticky":false,"template":"","format":"standard","meta":{"footnotes":""},"categories":[1],"tags":[],"class_list":["post-19","post","type-post","status-publish","format-standard","hentry","category-uncategorized"],"_links":{"self":[{"href":"https:\/\/www.thelins.se\/lisa\/blog\/wp-json\/wp\/v2\/posts\/19","targetHints":{"allow":["GET"]}}],"collection":[{"href":"https:\/\/www.thelins.se\/lisa\/blog\/wp-json\/wp\/v2\/posts"}],"about":[{"href":"https:\/\/www.thelins.se\/lisa\/blog\/wp-json\/wp\/v2\/types\/post"}],"author":[{"embeddable":true,"href":"https:\/\/www.thelins.se\/lisa\/blog\/wp-json\/wp\/v2\/users\/2"}],"replies":[{"embeddable":true,"href":"https:\/\/www.thelins.se\/lisa\/blog\/wp-json\/wp\/v2\/comments?post=19"}],"version-history":[{"count":0,"href":"https:\/\/www.thelins.se\/lisa\/blog\/wp-json\/wp\/v2\/posts\/19\/revisions"}],"wp:attachment":[{"href":"https:\/\/www.thelins.se\/lisa\/blog\/wp-json\/wp\/v2\/media?parent=19"}],"wp:term":[{"taxonomy":"category","embeddable":true,"href":"https:\/\/www.thelins.se\/lisa\/blog\/wp-json\/wp\/v2\/categories?post=19"},{"taxonomy":"post_tag","embeddable":true,"href":"https:\/\/www.thelins.se\/lisa\/blog\/wp-json\/wp\/v2\/tags?post=19"}],"curies":[{"name":"wp","href":"https:\/\/api.w.org\/{rel}","templated":true}]}}