{"id":1717,"date":"2013-01-07T06:49:01","date_gmt":"2013-01-07T05:49:01","guid":{"rendered":"http:\/\/www.thelins.se\/lisa\/blog\/?p=1717"},"modified":"2013-01-07T06:49:01","modified_gmt":"2013-01-07T05:49:01","slug":"julafton-3","status":"publish","type":"post","link":"https:\/\/www.thelins.se\/lisa\/blog\/2013\/01\/julafton-3\/","title":{"rendered":"Julafton"},"content":{"rendered":"<p>&nbsp;<\/p>\n<p>Hej alla,<\/p>\n<p>Nu har det varit julafton. Det \u00e4r kul!<\/p>\n<p>Jag och min kusin, Nils, var helt uppe i varv i v\u00e4ntan p\u00e5 tomten.<\/p>\n<p><a href=\"https:\/\/www.thelins.se\/lisa\/blog\/2013\/01\/julafton-3\/p1030922\/\" rel=\"attachment wp-att-1718\"><img loading=\"lazy\" decoding=\"async\" class=\"aligncenter size-medium wp-image-1718\" alt=\"P1030922\" src=\"https:\/\/www.thelins.se\/lisa\/blog\/wp-content\/uploads\/2013\/01\/P1030922-300x225.jpg\" width=\"300\" height=\"225\" srcset=\"https:\/\/www.thelins.se\/lisa\/blog\/wp-content\/uploads\/2013\/01\/P1030922-300x225.jpg 300w, https:\/\/www.thelins.se\/lisa\/blog\/wp-content\/uploads\/2013\/01\/P1030922-100x75.jpg 100w, https:\/\/www.thelins.se\/lisa\/blog\/wp-content\/uploads\/2013\/01\/P1030922-150x112.jpg 150w, https:\/\/www.thelins.se\/lisa\/blog\/wp-content\/uploads\/2013\/01\/P1030922.jpg 1024w\" sizes=\"auto, (max-width: 300px) 100vw, 300px\" \/><\/a><\/p>\n<p>Sedan kom n\u00e5gon g\u00e5ende f\u00f6rbi f\u00f6nstret. Han h\u00f6ll p\u00e5 att ramla p\u00e5 v\u00e5rt staket, s\u00e5 han fick g\u00e5 runt.<\/p>\n<p><a href=\"https:\/\/www.thelins.se\/lisa\/blog\/2013\/01\/julafton-3\/p1030926\/\" rel=\"attachment wp-att-1719\"><img loading=\"lazy\" decoding=\"async\" class=\"aligncenter size-medium wp-image-1719\" alt=\"P1030926\" src=\"https:\/\/www.thelins.se\/lisa\/blog\/wp-content\/uploads\/2013\/01\/P1030926-225x300.jpg\" width=\"225\" height=\"300\" srcset=\"https:\/\/www.thelins.se\/lisa\/blog\/wp-content\/uploads\/2013\/01\/P1030926-225x300.jpg 225w, https:\/\/www.thelins.se\/lisa\/blog\/wp-content\/uploads\/2013\/01\/P1030926-75x100.jpg 75w, https:\/\/www.thelins.se\/lisa\/blog\/wp-content\/uploads\/2013\/01\/P1030926-112x150.jpg 112w, https:\/\/www.thelins.se\/lisa\/blog\/wp-content\/uploads\/2013\/01\/P1030926.jpg 768w\" sizes=\"auto, (max-width: 225px) 100vw, 225px\" \/><\/a><\/p>\n<p>Det var tomten, och jag fick paket!<\/p>\n<p><a href=\"https:\/\/www.thelins.se\/lisa\/blog\/2013\/01\/julafton-3\/p1030933\/\" rel=\"attachment wp-att-1720\"><img loading=\"lazy\" decoding=\"async\" class=\"aligncenter size-medium wp-image-1720\" alt=\"P1030933\" src=\"https:\/\/www.thelins.se\/lisa\/blog\/wp-content\/uploads\/2013\/01\/P1030933-300x225.jpg\" width=\"300\" height=\"225\" srcset=\"https:\/\/www.thelins.se\/lisa\/blog\/wp-content\/uploads\/2013\/01\/P1030933-300x225.jpg 300w, https:\/\/www.thelins.se\/lisa\/blog\/wp-content\/uploads\/2013\/01\/P1030933-100x75.jpg 100w, https:\/\/www.thelins.se\/lisa\/blog\/wp-content\/uploads\/2013\/01\/P1030933-150x112.jpg 150w, https:\/\/www.thelins.se\/lisa\/blog\/wp-content\/uploads\/2013\/01\/P1030933.jpg 1024w\" sizes=\"auto, (max-width: 300px) 100vw, 300px\" \/><\/a><\/p>\n<p>Sedan fick jag hj\u00e4lpa till att dela ut paket. Det var m\u00e5nga som hade varit sn\u00e4lla i \u00e5r.<\/p>\n<p><a href=\"https:\/\/www.thelins.se\/lisa\/blog\/2013\/01\/julafton-3\/p1030946\/\" rel=\"attachment wp-att-1721\"><img loading=\"lazy\" decoding=\"async\" class=\"aligncenter size-medium wp-image-1721\" alt=\"P1030946\" src=\"https:\/\/www.thelins.se\/lisa\/blog\/wp-content\/uploads\/2013\/01\/P1030946-300x225.jpg\" width=\"300\" height=\"225\" srcset=\"https:\/\/www.thelins.se\/lisa\/blog\/wp-content\/uploads\/2013\/01\/P1030946-300x225.jpg 300w, https:\/\/www.thelins.se\/lisa\/blog\/wp-content\/uploads\/2013\/01\/P1030946-100x75.jpg 100w, https:\/\/www.thelins.se\/lisa\/blog\/wp-content\/uploads\/2013\/01\/P1030946-150x112.jpg 150w, https:\/\/www.thelins.se\/lisa\/blog\/wp-content\/uploads\/2013\/01\/P1030946.jpg 1024w\" sizes=\"auto, (max-width: 300px) 100vw, 300px\" \/><\/a><\/p>\n<p>Sj\u00e4lv fick jag ett helt berg av paket med massa roliga saker.<\/p>\n<p><a href=\"https:\/\/www.thelins.se\/lisa\/blog\/2013\/01\/julafton-3\/p1030948\/\" rel=\"attachment wp-att-1722\"><img loading=\"lazy\" decoding=\"async\" class=\"aligncenter size-medium wp-image-1722\" alt=\"P1030948\" src=\"https:\/\/www.thelins.se\/lisa\/blog\/wp-content\/uploads\/2013\/01\/P1030948-300x225.jpg\" width=\"300\" height=\"225\" srcset=\"https:\/\/www.thelins.se\/lisa\/blog\/wp-content\/uploads\/2013\/01\/P1030948-300x225.jpg 300w, https:\/\/www.thelins.se\/lisa\/blog\/wp-content\/uploads\/2013\/01\/P1030948-100x75.jpg 100w, https:\/\/www.thelins.se\/lisa\/blog\/wp-content\/uploads\/2013\/01\/P1030948-150x112.jpg 150w, https:\/\/www.thelins.se\/lisa\/blog\/wp-content\/uploads\/2013\/01\/P1030948.jpg 1024w\" sizes=\"auto, (max-width: 300px) 100vw, 300px\" \/><\/a><\/p>\n<p>Det \u00e4r lite sv\u00e5rt att v\u00e4lja vilket man ska \u00f6ppna, men alla ska ju packas upp, s\u00e5 det \u00e4r bara att ta ett.<\/p>\n<p><a href=\"https:\/\/www.thelins.se\/lisa\/blog\/2013\/01\/julafton-3\/p1030953\/\" rel=\"attachment wp-att-1723\"><img loading=\"lazy\" decoding=\"async\" class=\"aligncenter size-medium wp-image-1723\" alt=\"P1030953\" src=\"https:\/\/www.thelins.se\/lisa\/blog\/wp-content\/uploads\/2013\/01\/P1030953-300x225.jpg\" width=\"300\" height=\"225\" srcset=\"https:\/\/www.thelins.se\/lisa\/blog\/wp-content\/uploads\/2013\/01\/P1030953-300x225.jpg 300w, https:\/\/www.thelins.se\/lisa\/blog\/wp-content\/uploads\/2013\/01\/P1030953-100x75.jpg 100w, https:\/\/www.thelins.se\/lisa\/blog\/wp-content\/uploads\/2013\/01\/P1030953-150x112.jpg 150w, https:\/\/www.thelins.se\/lisa\/blog\/wp-content\/uploads\/2013\/01\/P1030953.jpg 1024w\" sizes=\"auto, (max-width: 300px) 100vw, 300px\" \/><\/a><\/p>\n<p>Nu \u00e4r alla \u00f6ppna, se s\u00e5 mycker roliga saker!<\/p>\n<p><a href=\"https:\/\/www.thelins.se\/lisa\/blog\/2013\/01\/julafton-3\/p1030959\/\" rel=\"attachment wp-att-1724\"><img loading=\"lazy\" decoding=\"async\" class=\"aligncenter size-medium wp-image-1724\" alt=\"P1030959\" src=\"https:\/\/www.thelins.se\/lisa\/blog\/wp-content\/uploads\/2013\/01\/P1030959-300x225.jpg\" width=\"300\" height=\"225\" srcset=\"https:\/\/www.thelins.se\/lisa\/blog\/wp-content\/uploads\/2013\/01\/P1030959-300x225.jpg 300w, https:\/\/www.thelins.se\/lisa\/blog\/wp-content\/uploads\/2013\/01\/P1030959-100x75.jpg 100w, https:\/\/www.thelins.se\/lisa\/blog\/wp-content\/uploads\/2013\/01\/P1030959-150x112.jpg 150w, https:\/\/www.thelins.se\/lisa\/blog\/wp-content\/uploads\/2013\/01\/P1030959.jpg 1024w\" sizes=\"auto, (max-width: 300px) 100vw, 300px\" \/><\/a><\/p>\n<p>&nbsp;<\/p>\n<p>\/L<\/p>\n","protected":false},"excerpt":{"rendered":"<p>&nbsp; Hej alla, Nu har det varit julafton. Det \u00e4r kul! Jag och min kusin, Nils, var helt uppe i varv i v\u00e4ntan p\u00e5 tomten. Sedan kom n\u00e5gon g\u00e5ende f\u00f6rbi f\u00f6nstret. Han h\u00f6ll p\u00e5 att ramla p\u00e5 v\u00e5rt staket, s\u00e5 han fick g\u00e5 runt. Det var tomten, och jag fick paket! Sedan fick jag hj\u00e4lpa&hellip;<\/p>\n","protected":false},"author":2,"featured_media":0,"comment_status":"closed","ping_status":"closed","sticky":false,"template":"","format":"standard","meta":{"footnotes":""},"categories":[1],"tags":[],"class_list":["post-1717","post","type-post","status-publish","format-standard","hentry","category-uncategorized"],"_links":{"self":[{"href":"https:\/\/www.thelins.se\/lisa\/blog\/wp-json\/wp\/v2\/posts\/1717","targetHints":{"allow":["GET"]}}],"collection":[{"href":"https:\/\/www.thelins.se\/lisa\/blog\/wp-json\/wp\/v2\/posts"}],"about":[{"href":"https:\/\/www.thelins.se\/lisa\/blog\/wp-json\/wp\/v2\/types\/post"}],"author":[{"embeddable":true,"href":"https:\/\/www.thelins.se\/lisa\/blog\/wp-json\/wp\/v2\/users\/2"}],"replies":[{"embeddable":true,"href":"https:\/\/www.thelins.se\/lisa\/blog\/wp-json\/wp\/v2\/comments?post=1717"}],"version-history":[{"count":2,"href":"https:\/\/www.thelins.se\/lisa\/blog\/wp-json\/wp\/v2\/posts\/1717\/revisions"}],"predecessor-version":[{"id":1733,"href":"https:\/\/www.thelins.se\/lisa\/blog\/wp-json\/wp\/v2\/posts\/1717\/revisions\/1733"}],"wp:attachment":[{"href":"https:\/\/www.thelins.se\/lisa\/blog\/wp-json\/wp\/v2\/media?parent=1717"}],"wp:term":[{"taxonomy":"category","embeddable":true,"href":"https:\/\/www.thelins.se\/lisa\/blog\/wp-json\/wp\/v2\/categories?post=1717"},{"taxonomy":"post_tag","embeddable":true,"href":"https:\/\/www.thelins.se\/lisa\/blog\/wp-json\/wp\/v2\/tags?post=1717"}],"curies":[{"name":"wp","href":"https:\/\/api.w.org\/{rel}","templated":true}]}}