{"id":1714,"date":"2013-01-10T06:49:13","date_gmt":"2013-01-10T05:49:13","guid":{"rendered":"http:\/\/www.thelins.se\/lisa\/blog\/?p=1714"},"modified":"2013-01-10T10:24:20","modified_gmt":"2013-01-10T09:24:20","slug":"lucia-4","status":"publish","type":"post","link":"https:\/\/www.thelins.se\/lisa\/blog\/2013\/01\/lucia-4\/","title":{"rendered":"Lucia"},"content":{"rendered":"<p>Hej alla,<\/p>\n<p>Det var ett tag sedan, men jag har varit lucia. Vi skulle ha lusset\u00e5g p\u00e5 dagis, men det gick magsjuka, s\u00e5 jag fick t\u00e5ga sj\u00e4lv d\u00e4r hemma.<a href=\"https:\/\/www.thelins.se\/lisa\/blog\/2013\/01\/lucia-4\/p1030919\/\" rel=\"attachment wp-att-1715\"><img loading=\"lazy\" decoding=\"async\" class=\"aligncenter size-medium wp-image-1715\" alt=\"P1030919\" src=\"https:\/\/www.thelins.se\/lisa\/blog\/wp-content\/uploads\/2013\/01\/P1030919-225x300.jpg\" width=\"225\" height=\"300\" srcset=\"https:\/\/www.thelins.se\/lisa\/blog\/wp-content\/uploads\/2013\/01\/P1030919-225x300.jpg 225w, https:\/\/www.thelins.se\/lisa\/blog\/wp-content\/uploads\/2013\/01\/P1030919-75x100.jpg 75w, https:\/\/www.thelins.se\/lisa\/blog\/wp-content\/uploads\/2013\/01\/P1030919-112x150.jpg 112w, https:\/\/www.thelins.se\/lisa\/blog\/wp-content\/uploads\/2013\/01\/P1030919.jpg 768w\" sizes=\"auto, (max-width: 225px) 100vw, 225px\" \/><\/a><\/p>\n<p>Om man tar kort utan blixt s\u00e5 ser man hur fin jag var n\u00e4r mormor, morfar, farmor, farfar och Arne kom och fikade!<\/p>\n<p><a href=\"https:\/\/www.thelins.se\/lisa\/blog\/2013\/01\/lucia-4\/p1030918\/\" rel=\"attachment wp-att-1716\"><img loading=\"lazy\" decoding=\"async\" class=\"aligncenter size-medium wp-image-1716\" alt=\"P1030918\" src=\"https:\/\/www.thelins.se\/lisa\/blog\/wp-content\/uploads\/2013\/01\/P1030918-225x300.jpg\" width=\"225\" height=\"300\" srcset=\"https:\/\/www.thelins.se\/lisa\/blog\/wp-content\/uploads\/2013\/01\/P1030918-225x300.jpg 225w, https:\/\/www.thelins.se\/lisa\/blog\/wp-content\/uploads\/2013\/01\/P1030918-75x100.jpg 75w, https:\/\/www.thelins.se\/lisa\/blog\/wp-content\/uploads\/2013\/01\/P1030918-112x150.jpg 112w, https:\/\/www.thelins.se\/lisa\/blog\/wp-content\/uploads\/2013\/01\/P1030918.jpg 768w\" sizes=\"auto, (max-width: 225px) 100vw, 225px\" \/><\/a><\/p>\n<p>&nbsp;<\/p>\n<p>\/L<\/p>\n","protected":false},"excerpt":{"rendered":"<p>Hej alla, Det var ett tag sedan, men jag har varit lucia. Vi skulle ha lusset\u00e5g p\u00e5 dagis, men det gick magsjuka, s\u00e5 jag fick t\u00e5ga sj\u00e4lv d\u00e4r hemma. Om man tar kort utan blixt s\u00e5 ser man hur fin jag var n\u00e4r mormor, morfar, farmor, farfar och Arne kom och fikade! &nbsp; \/L<\/p>\n","protected":false},"author":2,"featured_media":0,"comment_status":"closed","ping_status":"closed","sticky":false,"template":"","format":"standard","meta":{"footnotes":""},"categories":[1],"tags":[],"class_list":["post-1714","post","type-post","status-publish","format-standard","hentry","category-uncategorized"],"_links":{"self":[{"href":"https:\/\/www.thelins.se\/lisa\/blog\/wp-json\/wp\/v2\/posts\/1714","targetHints":{"allow":["GET"]}}],"collection":[{"href":"https:\/\/www.thelins.se\/lisa\/blog\/wp-json\/wp\/v2\/posts"}],"about":[{"href":"https:\/\/www.thelins.se\/lisa\/blog\/wp-json\/wp\/v2\/types\/post"}],"author":[{"embeddable":true,"href":"https:\/\/www.thelins.se\/lisa\/blog\/wp-json\/wp\/v2\/users\/2"}],"replies":[{"embeddable":true,"href":"https:\/\/www.thelins.se\/lisa\/blog\/wp-json\/wp\/v2\/comments?post=1714"}],"version-history":[{"count":4,"href":"https:\/\/www.thelins.se\/lisa\/blog\/wp-json\/wp\/v2\/posts\/1714\/revisions"}],"predecessor-version":[{"id":1743,"href":"https:\/\/www.thelins.se\/lisa\/blog\/wp-json\/wp\/v2\/posts\/1714\/revisions\/1743"}],"wp:attachment":[{"href":"https:\/\/www.thelins.se\/lisa\/blog\/wp-json\/wp\/v2\/media?parent=1714"}],"wp:term":[{"taxonomy":"category","embeddable":true,"href":"https:\/\/www.thelins.se\/lisa\/blog\/wp-json\/wp\/v2\/categories?post=1714"},{"taxonomy":"post_tag","embeddable":true,"href":"https:\/\/www.thelins.se\/lisa\/blog\/wp-json\/wp\/v2\/tags?post=1714"}],"curies":[{"name":"wp","href":"https:\/\/api.w.org\/{rel}","templated":true}]}}