{"id":1710,"date":"2013-01-14T06:50:46","date_gmt":"2013-01-14T05:50:46","guid":{"rendered":"http:\/\/www.thelins.se\/lisa\/blog\/?p=1710"},"modified":"2013-01-14T07:10:20","modified_gmt":"2013-01-14T06:10:20","slug":"pulkaakning","status":"publish","type":"post","link":"https:\/\/www.thelins.se\/lisa\/blog\/2013\/01\/pulkaakning\/","title":{"rendered":"Pulka\u00e5kning"},"content":{"rendered":"<p>Hej alla,<\/p>\n<p>P\u00e5 vintern kan man \u00e5ka pulka. Det \u00e4r j\u00e4ttekul.<\/p>\n<p>Bakom v\u00e5rt hus har vi en bra backe. H\u00e4r \u00e5ker jag p\u00e5 bobben som jag f\u00e5tt av mormor.<\/p>\n<p><a href=\"https:\/\/www.thelins.se\/lisa\/blog\/2013\/01\/pulkaakning\/p1030900\/\" rel=\"attachment wp-att-1711\"><img loading=\"lazy\" decoding=\"async\" class=\"aligncenter size-medium wp-image-1711\" alt=\"P1030900\" src=\"https:\/\/www.thelins.se\/lisa\/blog\/wp-content\/uploads\/2013\/01\/P1030900-300x225.jpg\" width=\"300\" height=\"225\" srcset=\"https:\/\/www.thelins.se\/lisa\/blog\/wp-content\/uploads\/2013\/01\/P1030900-300x225.jpg 300w, https:\/\/www.thelins.se\/lisa\/blog\/wp-content\/uploads\/2013\/01\/P1030900-100x75.jpg 100w, https:\/\/www.thelins.se\/lisa\/blog\/wp-content\/uploads\/2013\/01\/P1030900-150x112.jpg 150w, https:\/\/www.thelins.se\/lisa\/blog\/wp-content\/uploads\/2013\/01\/P1030900.jpg 1024w\" sizes=\"auto, (max-width: 300px) 100vw, 300px\" \/><\/a><\/p>\n<p>Den \u00e4r smart, f\u00f6r den har ett sn\u00f6re som man kan dra upp den i, men sl\u00e4pper man sn\u00f6ret s\u00e5 \u00e5ker det in i bobben.<\/p>\n<p><a href=\"https:\/\/www.thelins.se\/lisa\/blog\/2013\/01\/pulkaakning\/p1030896\/\" rel=\"attachment wp-att-1712\"><img loading=\"lazy\" decoding=\"async\" class=\"aligncenter size-medium wp-image-1712\" alt=\"P1030896\" src=\"https:\/\/www.thelins.se\/lisa\/blog\/wp-content\/uploads\/2013\/01\/P1030896-300x225.jpg\" width=\"300\" height=\"225\" srcset=\"https:\/\/www.thelins.se\/lisa\/blog\/wp-content\/uploads\/2013\/01\/P1030896-300x225.jpg 300w, https:\/\/www.thelins.se\/lisa\/blog\/wp-content\/uploads\/2013\/01\/P1030896-100x75.jpg 100w, https:\/\/www.thelins.se\/lisa\/blog\/wp-content\/uploads\/2013\/01\/P1030896-150x112.jpg 150w, https:\/\/www.thelins.se\/lisa\/blog\/wp-content\/uploads\/2013\/01\/P1030896.jpg 1024w\" sizes=\"auto, (max-width: 300px) 100vw, 300px\" \/><\/a><\/p>\n<p>&nbsp;<\/p>\n<p>\/L<\/p>\n","protected":false},"excerpt":{"rendered":"<p>Hej alla, P\u00e5 vintern kan man \u00e5ka pulka. Det \u00e4r j\u00e4ttekul. Bakom v\u00e5rt hus har vi en bra backe. H\u00e4r \u00e5ker jag p\u00e5 bobben som jag f\u00e5tt av mormor. Den \u00e4r smart, f\u00f6r den har ett sn\u00f6re som man kan dra upp den i, men sl\u00e4pper man sn\u00f6ret s\u00e5 \u00e5ker det in i bobben. &nbsp;&hellip;<\/p>\n","protected":false},"author":2,"featured_media":0,"comment_status":"closed","ping_status":"closed","sticky":false,"template":"","format":"standard","meta":{"footnotes":""},"categories":[1],"tags":[],"class_list":["post-1710","post","type-post","status-publish","format-standard","hentry","category-uncategorized"],"_links":{"self":[{"href":"https:\/\/www.thelins.se\/lisa\/blog\/wp-json\/wp\/v2\/posts\/1710","targetHints":{"allow":["GET"]}}],"collection":[{"href":"https:\/\/www.thelins.se\/lisa\/blog\/wp-json\/wp\/v2\/posts"}],"about":[{"href":"https:\/\/www.thelins.se\/lisa\/blog\/wp-json\/wp\/v2\/types\/post"}],"author":[{"embeddable":true,"href":"https:\/\/www.thelins.se\/lisa\/blog\/wp-json\/wp\/v2\/users\/2"}],"replies":[{"embeddable":true,"href":"https:\/\/www.thelins.se\/lisa\/blog\/wp-json\/wp\/v2\/comments?post=1710"}],"version-history":[{"count":7,"href":"https:\/\/www.thelins.se\/lisa\/blog\/wp-json\/wp\/v2\/posts\/1710\/revisions"}],"predecessor-version":[{"id":1746,"href":"https:\/\/www.thelins.se\/lisa\/blog\/wp-json\/wp\/v2\/posts\/1710\/revisions\/1746"}],"wp:attachment":[{"href":"https:\/\/www.thelins.se\/lisa\/blog\/wp-json\/wp\/v2\/media?parent=1710"}],"wp:term":[{"taxonomy":"category","embeddable":true,"href":"https:\/\/www.thelins.se\/lisa\/blog\/wp-json\/wp\/v2\/categories?post=1710"},{"taxonomy":"post_tag","embeddable":true,"href":"https:\/\/www.thelins.se\/lisa\/blog\/wp-json\/wp\/v2\/tags?post=1710"}],"curies":[{"name":"wp","href":"https:\/\/api.w.org\/{rel}","templated":true}]}}