{"id":1702,"date":"2012-12-17T09:22:50","date_gmt":"2012-12-17T08:22:50","guid":{"rendered":"http:\/\/www.thelins.se\/lisa\/blog\/?p=1702"},"modified":"2012-12-17T09:22:59","modified_gmt":"2012-12-17T08:22:59","slug":"1702","status":"publish","type":"post","link":"https:\/\/www.thelins.se\/lisa\/blog\/2012\/12\/1702\/","title":{"rendered":"Julgran"},"content":{"rendered":"<p>Hej alla,<\/p>\n<p>Ig\u00e5r k\u00f6pte vi en julgran. Jag trodde att vi inte skulle f\u00e5 tag i n\u00e5gon, f\u00f6r gubben vi brukar k\u00f6pa av \u00e5kte hem precis n\u00e4r vi kom dit. Som tur var hittade vi en annan aff\u00e4r d\u00e4r de fortfarande hade \u00f6ppet.<\/p>\n<p>N\u00e4r pappa hade satt i lamporna fick jag kl\u00e4 granen. Det \u00e4r n\u00e4mligen det roligaste med en gran.<\/p>\n<p><a href=\"https:\/\/www.thelins.se\/lisa\/blog\/2012\/12\/1702\/imag3487\/\" rel=\"attachment wp-att-1704\"><img loading=\"lazy\" decoding=\"async\" class=\"aligncenter size-medium wp-image-1704\" alt=\"IMAG3487\" src=\"https:\/\/www.thelins.se\/lisa\/blog\/wp-content\/uploads\/2012\/12\/IMAG3487-179x300.jpg\" width=\"179\" height=\"300\" srcset=\"https:\/\/www.thelins.se\/lisa\/blog\/wp-content\/uploads\/2012\/12\/IMAG3487-179x300.jpg 179w, https:\/\/www.thelins.se\/lisa\/blog\/wp-content\/uploads\/2012\/12\/IMAG3487-613x1024.jpg 613w, https:\/\/www.thelins.se\/lisa\/blog\/wp-content\/uploads\/2012\/12\/IMAG3487-59x100.jpg 59w, https:\/\/www.thelins.se\/lisa\/blog\/wp-content\/uploads\/2012\/12\/IMAG3487-89x150.jpg 89w, https:\/\/www.thelins.se\/lisa\/blog\/wp-content\/uploads\/2012\/12\/IMAG3487.jpg 1552w\" sizes=\"auto, (max-width: 179px) 100vw, 179px\" \/><\/a><\/p>\n<p>Man m\u00e5ste koncentrera sig s\u00e5 att man inte sticker sig p\u00e5 barren.<\/p>\n<p><a href=\"https:\/\/www.thelins.se\/lisa\/blog\/2012\/12\/1702\/imag3488\/\" rel=\"attachment wp-att-1705\"><img loading=\"lazy\" decoding=\"async\" class=\"aligncenter size-medium wp-image-1705\" alt=\"IMAG3488\" src=\"https:\/\/www.thelins.se\/lisa\/blog\/wp-content\/uploads\/2012\/12\/IMAG3488-179x300.jpg\" width=\"179\" height=\"300\" srcset=\"https:\/\/www.thelins.se\/lisa\/blog\/wp-content\/uploads\/2012\/12\/IMAG3488-179x300.jpg 179w, https:\/\/www.thelins.se\/lisa\/blog\/wp-content\/uploads\/2012\/12\/IMAG3488-613x1024.jpg 613w, https:\/\/www.thelins.se\/lisa\/blog\/wp-content\/uploads\/2012\/12\/IMAG3488-59x100.jpg 59w, https:\/\/www.thelins.se\/lisa\/blog\/wp-content\/uploads\/2012\/12\/IMAG3488-89x150.jpg 89w, https:\/\/www.thelins.se\/lisa\/blog\/wp-content\/uploads\/2012\/12\/IMAG3488.jpg 1552w\" sizes=\"auto, (max-width: 179px) 100vw, 179px\" \/><\/a><\/p>\n<p>&nbsp;<\/p>\n<p>Se s\u00e5 fin den blev!<\/p>\n<p><a href=\"https:\/\/www.thelins.se\/lisa\/blog\/2012\/12\/1702\/imag3490\/\" rel=\"attachment wp-att-1703\"><img loading=\"lazy\" decoding=\"async\" class=\"aligncenter size-medium wp-image-1703\" alt=\"IMAG3490\" src=\"https:\/\/www.thelins.se\/lisa\/blog\/wp-content\/uploads\/2012\/12\/IMAG3490-179x300.jpg\" width=\"179\" height=\"300\" srcset=\"https:\/\/www.thelins.se\/lisa\/blog\/wp-content\/uploads\/2012\/12\/IMAG3490-179x300.jpg 179w, https:\/\/www.thelins.se\/lisa\/blog\/wp-content\/uploads\/2012\/12\/IMAG3490-613x1024.jpg 613w, https:\/\/www.thelins.se\/lisa\/blog\/wp-content\/uploads\/2012\/12\/IMAG3490-59x100.jpg 59w, https:\/\/www.thelins.se\/lisa\/blog\/wp-content\/uploads\/2012\/12\/IMAG3490-89x150.jpg 89w, https:\/\/www.thelins.se\/lisa\/blog\/wp-content\/uploads\/2012\/12\/IMAG3490.jpg 1552w\" sizes=\"auto, (max-width: 179px) 100vw, 179px\" \/><\/a><\/p>\n<p>&nbsp;<\/p>\n<p>\/L<\/p>\n","protected":false},"excerpt":{"rendered":"<p>Hej alla, Ig\u00e5r k\u00f6pte vi en julgran. Jag trodde att vi inte skulle f\u00e5 tag i n\u00e5gon, f\u00f6r gubben vi brukar k\u00f6pa av \u00e5kte hem precis n\u00e4r vi kom dit. Som tur var hittade vi en annan aff\u00e4r d\u00e4r de fortfarande hade \u00f6ppet. N\u00e4r pappa hade satt i lamporna fick jag kl\u00e4 granen. Det \u00e4r&hellip;<\/p>\n","protected":false},"author":2,"featured_media":0,"comment_status":"closed","ping_status":"closed","sticky":false,"template":"","format":"standard","meta":{"footnotes":""},"categories":[1],"tags":[],"class_list":["post-1702","post","type-post","status-publish","format-standard","hentry","category-uncategorized"],"_links":{"self":[{"href":"https:\/\/www.thelins.se\/lisa\/blog\/wp-json\/wp\/v2\/posts\/1702","targetHints":{"allow":["GET"]}}],"collection":[{"href":"https:\/\/www.thelins.se\/lisa\/blog\/wp-json\/wp\/v2\/posts"}],"about":[{"href":"https:\/\/www.thelins.se\/lisa\/blog\/wp-json\/wp\/v2\/types\/post"}],"author":[{"embeddable":true,"href":"https:\/\/www.thelins.se\/lisa\/blog\/wp-json\/wp\/v2\/users\/2"}],"replies":[{"embeddable":true,"href":"https:\/\/www.thelins.se\/lisa\/blog\/wp-json\/wp\/v2\/comments?post=1702"}],"version-history":[{"count":3,"href":"https:\/\/www.thelins.se\/lisa\/blog\/wp-json\/wp\/v2\/posts\/1702\/revisions"}],"predecessor-version":[{"id":1708,"href":"https:\/\/www.thelins.se\/lisa\/blog\/wp-json\/wp\/v2\/posts\/1702\/revisions\/1708"}],"wp:attachment":[{"href":"https:\/\/www.thelins.se\/lisa\/blog\/wp-json\/wp\/v2\/media?parent=1702"}],"wp:term":[{"taxonomy":"category","embeddable":true,"href":"https:\/\/www.thelins.se\/lisa\/blog\/wp-json\/wp\/v2\/categories?post=1702"},{"taxonomy":"post_tag","embeddable":true,"href":"https:\/\/www.thelins.se\/lisa\/blog\/wp-json\/wp\/v2\/tags?post=1702"}],"curies":[{"name":"wp","href":"https:\/\/api.w.org\/{rel}","templated":true}]}}