{"id":17,"date":"2008-09-22T08:56:00","date_gmt":"2008-09-22T06:56:00","guid":{"rendered":"http:\/\/www.thelins.se\/lisa\/blog\/2008\/09\/fem-myror-ar-fler-an-fyra-elefanter\/"},"modified":"2008-09-22T08:56:00","modified_gmt":"2008-09-22T06:56:00","slug":"fem-myror-ar-fler-an-fyra-elefanter","status":"publish","type":"post","link":"https:\/\/www.thelins.se\/lisa\/blog\/2008\/09\/fem-myror-ar-fler-an-fyra-elefanter\/","title":{"rendered":">Fem myror \u00e4r fler \u00e4n fyra elefanter"},"content":{"rendered":"<p>>Fast elefanterna \u00e4r st\u00f6rst!<\/p>\n<p><a onblur=\"try {parent.deselectBloggerImageGracefully();} catch(e) {}\" href=\"https:\/\/www.thelins.se\/lisa\/blog\/uploaded_images\/fem-myror-758867.jpg\"><img decoding=\"async\" style=\"margin: 0px auto 10px; display: block; text-align: center; cursor: pointer;\" src=\"https:\/\/www.thelins.se\/lisa\/blog\/uploaded_images\/fem-myror-758222.jpg\" alt=\"\" border=\"0\" \/><\/a><\/p>\n<p>Mamma har fixat riktigt roliga kl\u00e4der med elefanter och myror och pappa har fixat en skiva med Trasan och Banarne. Men Trasan kallas Tiger d\u00e5 de lirar med bananbandet. Kul med lite kultur!<\/p>\n<p>\/Lisa<\/p>\n","protected":false},"excerpt":{"rendered":"<p>>Fast elefanterna \u00e4r st\u00f6rst! Mamma har fixat riktigt roliga kl\u00e4der med elefanter och myror och pappa har fixat en skiva med Trasan och Banarne. Men Trasan kallas Tiger d\u00e5 de lirar med bananbandet. Kul med lite kultur! \/Lisa<\/p>\n","protected":false},"author":2,"featured_media":0,"comment_status":"closed","ping_status":"closed","sticky":false,"template":"","format":"standard","meta":{"footnotes":""},"categories":[1],"tags":[],"class_list":["post-17","post","type-post","status-publish","format-standard","hentry","category-uncategorized"],"_links":{"self":[{"href":"https:\/\/www.thelins.se\/lisa\/blog\/wp-json\/wp\/v2\/posts\/17","targetHints":{"allow":["GET"]}}],"collection":[{"href":"https:\/\/www.thelins.se\/lisa\/blog\/wp-json\/wp\/v2\/posts"}],"about":[{"href":"https:\/\/www.thelins.se\/lisa\/blog\/wp-json\/wp\/v2\/types\/post"}],"author":[{"embeddable":true,"href":"https:\/\/www.thelins.se\/lisa\/blog\/wp-json\/wp\/v2\/users\/2"}],"replies":[{"embeddable":true,"href":"https:\/\/www.thelins.se\/lisa\/blog\/wp-json\/wp\/v2\/comments?post=17"}],"version-history":[{"count":0,"href":"https:\/\/www.thelins.se\/lisa\/blog\/wp-json\/wp\/v2\/posts\/17\/revisions"}],"wp:attachment":[{"href":"https:\/\/www.thelins.se\/lisa\/blog\/wp-json\/wp\/v2\/media?parent=17"}],"wp:term":[{"taxonomy":"category","embeddable":true,"href":"https:\/\/www.thelins.se\/lisa\/blog\/wp-json\/wp\/v2\/categories?post=17"},{"taxonomy":"post_tag","embeddable":true,"href":"https:\/\/www.thelins.se\/lisa\/blog\/wp-json\/wp\/v2\/tags?post=17"}],"curies":[{"name":"wp","href":"https:\/\/api.w.org\/{rel}","templated":true}]}}