{"id":1679,"date":"2012-11-08T14:01:46","date_gmt":"2012-11-08T13:01:46","guid":{"rendered":"http:\/\/www.thelins.se\/lisa\/blog\/?p=1679"},"modified":"2012-10-29T14:06:48","modified_gmt":"2012-10-29T13:06:48","slug":"saxebacken","status":"publish","type":"post","link":"https:\/\/www.thelins.se\/lisa\/blog\/2012\/11\/saxebacken\/","title":{"rendered":"Saxeb\u00e4cken"},"content":{"rendered":"<p>Hej alla,<\/p>\n<p>H\u00e4romveckan s\u00e5 var jag och pappa i Saxeb\u00e4cken. Det var kul att busa vid sj\u00f6n, fast man inte kunde bada.<\/p>\n<p><a href=\"https:\/\/www.thelins.se\/lisa\/blog\/wp-content\/uploads\/2012\/10\/12100027.jpg\"><img loading=\"lazy\" decoding=\"async\" class=\"aligncenter size-medium wp-image-1680\" title=\"12100027\" src=\"https:\/\/www.thelins.se\/lisa\/blog\/wp-content\/uploads\/2012\/10\/12100027-300x168.jpg\" alt=\"\" width=\"300\" height=\"168\" srcset=\"https:\/\/www.thelins.se\/lisa\/blog\/wp-content\/uploads\/2012\/10\/12100027-300x168.jpg 300w, https:\/\/www.thelins.se\/lisa\/blog\/wp-content\/uploads\/2012\/10\/12100027-1024x576.jpg 1024w, https:\/\/www.thelins.se\/lisa\/blog\/wp-content\/uploads\/2012\/10\/12100027-100x56.jpg 100w, https:\/\/www.thelins.se\/lisa\/blog\/wp-content\/uploads\/2012\/10\/12100027-150x84.jpg 150w\" sizes=\"auto, (max-width: 300px) 100vw, 300px\" \/><\/a><\/p>\n<p>Det var dimmigt, s\u00e5 det var lite sp\u00e4nnande. I hagen brevid s\u00e5g vi f\u00e5ren. De tyckte att det var kul att vi var d\u00e4r.<\/p>\n<p><a href=\"https:\/\/www.thelins.se\/lisa\/blog\/wp-content\/uploads\/2012\/10\/12100030.jpg\"><img loading=\"lazy\" decoding=\"async\" class=\"aligncenter size-medium wp-image-1681\" title=\"12100030\" src=\"https:\/\/www.thelins.se\/lisa\/blog\/wp-content\/uploads\/2012\/10\/12100030-300x168.jpg\" alt=\"\" width=\"300\" height=\"168\" srcset=\"https:\/\/www.thelins.se\/lisa\/blog\/wp-content\/uploads\/2012\/10\/12100030-300x168.jpg 300w, https:\/\/www.thelins.se\/lisa\/blog\/wp-content\/uploads\/2012\/10\/12100030-1024x576.jpg 1024w, https:\/\/www.thelins.se\/lisa\/blog\/wp-content\/uploads\/2012\/10\/12100030-100x56.jpg 100w, https:\/\/www.thelins.se\/lisa\/blog\/wp-content\/uploads\/2012\/10\/12100030-150x84.jpg 150w\" sizes=\"auto, (max-width: 300px) 100vw, 300px\" \/><\/a><\/p>\n<p>\/L<\/p>\n","protected":false},"excerpt":{"rendered":"<p>Hej alla, H\u00e4romveckan s\u00e5 var jag och pappa i Saxeb\u00e4cken. Det var kul att busa vid sj\u00f6n, fast man inte kunde bada. Det var dimmigt, s\u00e5 det var lite sp\u00e4nnande. I hagen brevid s\u00e5g vi f\u00e5ren. De tyckte att det var kul att vi var d\u00e4r. \/L<\/p>\n","protected":false},"author":2,"featured_media":0,"comment_status":"closed","ping_status":"closed","sticky":false,"template":"","format":"standard","meta":{"footnotes":""},"categories":[1],"tags":[],"class_list":["post-1679","post","type-post","status-publish","format-standard","hentry","category-uncategorized"],"_links":{"self":[{"href":"https:\/\/www.thelins.se\/lisa\/blog\/wp-json\/wp\/v2\/posts\/1679","targetHints":{"allow":["GET"]}}],"collection":[{"href":"https:\/\/www.thelins.se\/lisa\/blog\/wp-json\/wp\/v2\/posts"}],"about":[{"href":"https:\/\/www.thelins.se\/lisa\/blog\/wp-json\/wp\/v2\/types\/post"}],"author":[{"embeddable":true,"href":"https:\/\/www.thelins.se\/lisa\/blog\/wp-json\/wp\/v2\/users\/2"}],"replies":[{"embeddable":true,"href":"https:\/\/www.thelins.se\/lisa\/blog\/wp-json\/wp\/v2\/comments?post=1679"}],"version-history":[{"count":4,"href":"https:\/\/www.thelins.se\/lisa\/blog\/wp-json\/wp\/v2\/posts\/1679\/revisions"}],"predecessor-version":[{"id":1685,"href":"https:\/\/www.thelins.se\/lisa\/blog\/wp-json\/wp\/v2\/posts\/1679\/revisions\/1685"}],"wp:attachment":[{"href":"https:\/\/www.thelins.se\/lisa\/blog\/wp-json\/wp\/v2\/media?parent=1679"}],"wp:term":[{"taxonomy":"category","embeddable":true,"href":"https:\/\/www.thelins.se\/lisa\/blog\/wp-json\/wp\/v2\/categories?post=1679"},{"taxonomy":"post_tag","embeddable":true,"href":"https:\/\/www.thelins.se\/lisa\/blog\/wp-json\/wp\/v2\/tags?post=1679"}],"curies":[{"name":"wp","href":"https:\/\/api.w.org\/{rel}","templated":true}]}}