{"id":1643,"date":"2012-10-25T10:00:57","date_gmt":"2012-10-25T08:00:57","guid":{"rendered":"http:\/\/www.thelins.se\/lisa\/blog\/?p=1643"},"modified":"2012-09-30T10:02:41","modified_gmt":"2012-09-30T08:02:41","slug":"1643","status":"publish","type":"post","link":"https:\/\/www.thelins.se\/lisa\/blog\/2012\/10\/1643\/","title":{"rendered":"Ojd\u00e5"},"content":{"rendered":"<p>Hej alla,<\/p>\n<p>N\u00e4r Patrik, pappa och jag var och handlade s\u00e5 tog jag kundvagnen n\u00e4r Patrik och pappa var och handlade tandkr\u00e4m. N\u00e4r de kom tillbaka f\u00f6rs\u00f6kte jag k\u00f6ra iv\u00e4g. Oj vilken sm\u00e4ll. Schampoflaskor \u00f6ver allt&#8230;<\/p>\n<p><a href=\"https:\/\/www.thelins.se\/lisa\/blog\/wp-content\/uploads\/2012\/09\/12090037.jpg\"><img loading=\"lazy\" decoding=\"async\" class=\"aligncenter size-medium wp-image-1644\" title=\"12090037\" src=\"https:\/\/www.thelins.se\/lisa\/blog\/wp-content\/uploads\/2012\/09\/12090037-300x168.jpg\" alt=\"\" width=\"300\" height=\"168\" srcset=\"https:\/\/www.thelins.se\/lisa\/blog\/wp-content\/uploads\/2012\/09\/12090037-300x168.jpg 300w, https:\/\/www.thelins.se\/lisa\/blog\/wp-content\/uploads\/2012\/09\/12090037-1024x576.jpg 1024w, https:\/\/www.thelins.se\/lisa\/blog\/wp-content\/uploads\/2012\/09\/12090037-100x56.jpg 100w, https:\/\/www.thelins.se\/lisa\/blog\/wp-content\/uploads\/2012\/09\/12090037-150x84.jpg 150w\" sizes=\"auto, (max-width: 300px) 100vw, 300px\" \/><\/a><\/p>\n<p>\/L<\/p>\n","protected":false},"excerpt":{"rendered":"<p>Hej alla, N\u00e4r Patrik, pappa och jag var och handlade s\u00e5 tog jag kundvagnen n\u00e4r Patrik och pappa var och handlade tandkr\u00e4m. N\u00e4r de kom tillbaka f\u00f6rs\u00f6kte jag k\u00f6ra iv\u00e4g. Oj vilken sm\u00e4ll. Schampoflaskor \u00f6ver allt&#8230; \/L<\/p>\n","protected":false},"author":2,"featured_media":0,"comment_status":"closed","ping_status":"closed","sticky":false,"template":"","format":"standard","meta":{"footnotes":""},"categories":[1],"tags":[],"class_list":["post-1643","post","type-post","status-publish","format-standard","hentry","category-uncategorized"],"_links":{"self":[{"href":"https:\/\/www.thelins.se\/lisa\/blog\/wp-json\/wp\/v2\/posts\/1643","targetHints":{"allow":["GET"]}}],"collection":[{"href":"https:\/\/www.thelins.se\/lisa\/blog\/wp-json\/wp\/v2\/posts"}],"about":[{"href":"https:\/\/www.thelins.se\/lisa\/blog\/wp-json\/wp\/v2\/types\/post"}],"author":[{"embeddable":true,"href":"https:\/\/www.thelins.se\/lisa\/blog\/wp-json\/wp\/v2\/users\/2"}],"replies":[{"embeddable":true,"href":"https:\/\/www.thelins.se\/lisa\/blog\/wp-json\/wp\/v2\/comments?post=1643"}],"version-history":[{"count":2,"href":"https:\/\/www.thelins.se\/lisa\/blog\/wp-json\/wp\/v2\/posts\/1643\/revisions"}],"predecessor-version":[{"id":1646,"href":"https:\/\/www.thelins.se\/lisa\/blog\/wp-json\/wp\/v2\/posts\/1643\/revisions\/1646"}],"wp:attachment":[{"href":"https:\/\/www.thelins.se\/lisa\/blog\/wp-json\/wp\/v2\/media?parent=1643"}],"wp:term":[{"taxonomy":"category","embeddable":true,"href":"https:\/\/www.thelins.se\/lisa\/blog\/wp-json\/wp\/v2\/categories?post=1643"},{"taxonomy":"post_tag","embeddable":true,"href":"https:\/\/www.thelins.se\/lisa\/blog\/wp-json\/wp\/v2\/tags?post=1643"}],"curies":[{"name":"wp","href":"https:\/\/api.w.org\/{rel}","templated":true}]}}